{"id":4985,"date":"2023-03-02T19:51:23","date_gmt":"2023-03-02T19:51:23","guid":{"rendered":"https:\/\/saborealapalma.es\/?p=4985"},"modified":"2023-03-02T19:52:19","modified_gmt":"2023-03-02T19:52:19","slug":"se-abre-el-plazo-para-participar-en-el-v-encuentro-enogastronomico-de-santa-cruz-de-la-palma","status":"publish","type":"post","link":"https:\/\/saborealapalma.es\/de\/blog\/2023\/03\/02\/se-abre-el-plazo-para-participar-en-el-v-encuentro-enogastronomico-de-santa-cruz-de-la-palma\/","title":{"rendered":"Die Frist f\u00fcr die Teilnahme am \"V Encuentro Enogastron\u00f3mico de Santa Cruz de La Palma\" ist nun abgelaufen."},"content":{"rendered":"<p><em>Die Hauptstadt der Insel bereitet sich darauf vor, nach einer dreij\u00e4hrigen Pause die 'La Feria del Vino 2023' zu begr\u00fc\u00dfen, die am Samstag, den 15. April auf der Plaza de La Alameda stattfinden wird.<\/em><\/p>\n<p>Der Consejo Regulador de Vino La Palma und das Ayuntamiento de Santa Cruz de La Palma organisieren \u00fcber die Abteilung f\u00fcr lokale Entwicklung, M\u00e4rkte und Tourismus die f\u00fcnfte Wein- und Gastronomieveranstaltung in der Hauptstadt von La Palma.<\/p>\n<p>Diese Ausgabe 2023 wird vom Cabildo Insular de La Palma unterst\u00fctzt, dessen Ziel es ist, die lokalen Produkte und die K\u00fcche der Insel aufzuwerten und gleichzeitig den Tourismus zu f\u00f6rdern. Sie wird auch von der FEDEPALMA, der F\u00f6deration der Unternehmensverb\u00e4nde von La Palma (FAEP), der Vereinigung der Unternehmer der Altstadt, der Vereinigung der Unternehmer, Selbst\u00e4ndigen und Fachleute der ZCA von Santa Cruz de La Palma (AEPA) sowie von CIT TEDOTE-Asdetur, AGUSA, Saborea La Palma, Hielos Las Toscas, CIFP Virgen de Las Nieves und Pr\u00f3teas La Palma unterst\u00fctzt.<\/p>\n<p>Die Organisatoren laden alle Gastronomiebetriebe zur Teilnahme ein. Dazu m\u00fcssen sie lediglich ihr ordnungsgem\u00e4\u00df ausgef\u00fclltes Anmeldeformular bis zum 15. M\u00e4rz an die folgende E-Mail-Adresse schicken\u00a0<span id=\"cloakf2280d2e46b25bed3e085e7afa0f9b41\"><a href=\"mailto:promocion@vinoslapalma.com\">promocion@vinoslapalma.com<\/a><\/span><\/p>\n<p>Die Weinmesse verbindet die Gastronomie und die Weine der Insel mit Musik, gem\u00e4\u00df den Kriterien des fairen Handels und der Lebensmittelsouver\u00e4nit\u00e4t, die Wert auf lokale Produkte legen.<\/p>\n<p>Interessierte k\u00f6nnen die Allgemeinen Gesch\u00e4ftsbedingungen einsehen und das\u00a0<strong><a href=\"https:\/\/www.vinoslapalma.com\/files\/noticias\/ficha-santa-cruz-2023.docx\" target=\"_blank\" rel=\"noopener\">ANMELDEFORMULAR<\/a><\/strong>\u00a0indem Sie auf\u00a0<strong><a href=\"https:\/\/www.vinoslapalma.com\/files\/noticias\/ficha-santa-cruz-2023.docx\" target=\"_blank\" rel=\"noopener\">DIESER LINK<\/a><\/strong>.<\/p>","protected":false},"excerpt":{"rendered":"<p>Die Hauptstadt der Insel bereitet sich darauf vor, nach drei Jahren Pause die 'La Feria del Vino 2023' zu begr\u00fc\u00dfen, die am Samstag, den 15. April, auf der Plaza de La Alameda stattfinden wird. Der Consejo Regulador de Vino La Palma und das Rathaus von Santa Cruz de La Palma sind...<\/p>","protected":false},"author":4,"featured_media":4986,"comment_status":"closed","ping_status":"closed","sticky":false,"template":"","format":"standard","meta":{"footnotes":""},"categories":[1,21],"tags":[],"class_list":["post-4985","post","type-post","status-publish","format-standard","has-post-thumbnail","hentry","category-blogsaborea","category-noticias-saborea"],"yoast_head":"<!-- This site is optimized with the Yoast SEO plugin v27.5 - https:\/\/yoast.com\/product\/yoast-seo-wordpress\/ -->\n<title>Se abre el plazo para participar en el \u201cV Encuentro Enogastron\u00f3mico de Santa Cruz de La Palma\u201d - Saborea La Palma<\/title>\n<meta name=\"robots\" content=\"index, follow, max-snippet:-1, max-image-preview:large, max-video-preview:-1\" \/>\n<link rel=\"canonical\" href=\"https:\/\/saborealapalma.es\/de\/blog\/2023\/03\/02\/se-abre-el-plazo-para-participar-en-el-v-encuentro-enogastronomico-de-santa-cruz-de-la-palma\/\" \/>\n<meta property=\"og:locale\" content=\"de_DE\" \/>\n<meta property=\"og:type\" content=\"article\" \/>\n<meta property=\"og:title\" content=\"Se abre el plazo para participar en el \u201cV Encuentro Enogastron\u00f3mico de Santa Cruz de La Palma\u201d - Saborea La Palma\" \/>\n<meta property=\"og:description\" content=\"La capital de la isla se prepara para recibir, despu\u00e9s de tres a\u00f1os de pausa, \u2018La Feria del Vino 2023\u2019 que tendr\u00e1 lugar el s\u00e1bado 15 de abril, en la plaza de La Alameda. El Consejo Regulador de Vino La Palma y el Ayuntamiento de Santa Cruz de La Palma...\" \/>\n<meta property=\"og:url\" content=\"https:\/\/saborealapalma.es\/de\/blog\/2023\/03\/02\/se-abre-el-plazo-para-participar-en-el-v-encuentro-enogastronomico-de-santa-cruz-de-la-palma\/\" \/>\n<meta property=\"og:site_name\" content=\"Saborea La Palma\" \/>\n<meta property=\"article:published_time\" content=\"2023-03-02T19:51:23+00:00\" \/>\n<meta property=\"article:modified_time\" content=\"2023-03-02T19:52:19+00:00\" \/>\n<meta property=\"og:image\" content=\"https:\/\/saborealapalma.es\/wp-content\/uploads\/2023\/03\/santa-cruz-2023.jpg\" \/>\n\t<meta property=\"og:image:width\" content=\"900\" \/>\n\t<meta property=\"og:image:height\" content=\"596\" \/>\n\t<meta property=\"og:image:type\" content=\"image\/jpeg\" \/>\n<meta name=\"author\" content=\"Saborea La Palma\" \/>\n<meta name=\"twitter:card\" content=\"summary_large_image\" \/>\n<meta name=\"twitter:label1\" content=\"Geschrieben von\" \/>\n\t<meta name=\"twitter:data1\" content=\"Saborea La Palma\" \/>\n\t<meta name=\"twitter:label2\" content=\"Gesch\u00e4tzte Lesezeit\" \/>\n\t<meta name=\"twitter:data2\" content=\"2\u00a0Minuten\" \/>\n<script type=\"application\/ld+json\" class=\"yoast-schema-graph\">{\"@context\":\"https:\\\/\\\/schema.org\",\"@graph\":[{\"@type\":\"Article\",\"@id\":\"https:\\\/\\\/saborealapalma.es\\\/blog\\\/2023\\\/03\\\/02\\\/se-abre-el-plazo-para-participar-en-el-v-encuentro-enogastronomico-de-santa-cruz-de-la-palma\\\/#article\",\"isPartOf\":{\"@id\":\"https:\\\/\\\/saborealapalma.es\\\/blog\\\/2023\\\/03\\\/02\\\/se-abre-el-plazo-para-participar-en-el-v-encuentro-enogastronomico-de-santa-cruz-de-la-palma\\\/\"},\"author\":{\"name\":\"Saborea La Palma\",\"@id\":\"https:\\\/\\\/saborealapalma.es\\\/#\\\/schema\\\/person\\\/5184c05828c0a459bbca73a6b4e6b4dc\"},\"headline\":\"Se abre el plazo para participar en el \u201cV Encuentro Enogastron\u00f3mico de Santa Cruz de La Palma\u201d\",\"datePublished\":\"2023-03-02T19:51:23+00:00\",\"dateModified\":\"2023-03-02T19:52:19+00:00\",\"mainEntityOfPage\":{\"@id\":\"https:\\\/\\\/saborealapalma.es\\\/blog\\\/2023\\\/03\\\/02\\\/se-abre-el-plazo-para-participar-en-el-v-encuentro-enogastronomico-de-santa-cruz-de-la-palma\\\/\"},\"wordCount\":299,\"image\":{\"@id\":\"https:\\\/\\\/saborealapalma.es\\\/blog\\\/2023\\\/03\\\/02\\\/se-abre-el-plazo-para-participar-en-el-v-encuentro-enogastronomico-de-santa-cruz-de-la-palma\\\/#primaryimage\"},\"thumbnailUrl\":\"https:\\\/\\\/saborealapalma.es\\\/wp-content\\\/uploads\\\/2023\\\/03\\\/santa-cruz-2023.jpg\",\"articleSection\":[\"Blog Saborea\",\"Noticias Saborea\"],\"inLanguage\":\"de\"},{\"@type\":\"WebPage\",\"@id\":\"https:\\\/\\\/saborealapalma.es\\\/blog\\\/2023\\\/03\\\/02\\\/se-abre-el-plazo-para-participar-en-el-v-encuentro-enogastronomico-de-santa-cruz-de-la-palma\\\/\",\"url\":\"https:\\\/\\\/saborealapalma.es\\\/blog\\\/2023\\\/03\\\/02\\\/se-abre-el-plazo-para-participar-en-el-v-encuentro-enogastronomico-de-santa-cruz-de-la-palma\\\/\",\"name\":\"Se abre el plazo para participar en el \u201cV Encuentro Enogastron\u00f3mico de Santa Cruz de La Palma\u201d - Saborea La Palma\",\"isPartOf\":{\"@id\":\"https:\\\/\\\/saborealapalma.es\\\/#website\"},\"primaryImageOfPage\":{\"@id\":\"https:\\\/\\\/saborealapalma.es\\\/blog\\\/2023\\\/03\\\/02\\\/se-abre-el-plazo-para-participar-en-el-v-encuentro-enogastronomico-de-santa-cruz-de-la-palma\\\/#primaryimage\"},\"image\":{\"@id\":\"https:\\\/\\\/saborealapalma.es\\\/blog\\\/2023\\\/03\\\/02\\\/se-abre-el-plazo-para-participar-en-el-v-encuentro-enogastronomico-de-santa-cruz-de-la-palma\\\/#primaryimage\"},\"thumbnailUrl\":\"https:\\\/\\\/saborealapalma.es\\\/wp-content\\\/uploads\\\/2023\\\/03\\\/santa-cruz-2023.jpg\",\"datePublished\":\"2023-03-02T19:51:23+00:00\",\"dateModified\":\"2023-03-02T19:52:19+00:00\",\"author\":{\"@id\":\"https:\\\/\\\/saborealapalma.es\\\/#\\\/schema\\\/person\\\/5184c05828c0a459bbca73a6b4e6b4dc\"},\"breadcrumb\":{\"@id\":\"https:\\\/\\\/saborealapalma.es\\\/blog\\\/2023\\\/03\\\/02\\\/se-abre-el-plazo-para-participar-en-el-v-encuentro-enogastronomico-de-santa-cruz-de-la-palma\\\/#breadcrumb\"},\"inLanguage\":\"de\",\"potentialAction\":[{\"@type\":\"ReadAction\",\"target\":[\"https:\\\/\\\/saborealapalma.es\\\/blog\\\/2023\\\/03\\\/02\\\/se-abre-el-plazo-para-participar-en-el-v-encuentro-enogastronomico-de-santa-cruz-de-la-palma\\\/\"]}]},{\"@type\":\"ImageObject\",\"inLanguage\":\"de\",\"@id\":\"https:\\\/\\\/saborealapalma.es\\\/blog\\\/2023\\\/03\\\/02\\\/se-abre-el-plazo-para-participar-en-el-v-encuentro-enogastronomico-de-santa-cruz-de-la-palma\\\/#primaryimage\",\"url\":\"https:\\\/\\\/saborealapalma.es\\\/wp-content\\\/uploads\\\/2023\\\/03\\\/santa-cruz-2023.jpg\",\"contentUrl\":\"https:\\\/\\\/saborealapalma.es\\\/wp-content\\\/uploads\\\/2023\\\/03\\\/santa-cruz-2023.jpg\",\"width\":900,\"height\":596},{\"@type\":\"BreadcrumbList\",\"@id\":\"https:\\\/\\\/saborealapalma.es\\\/blog\\\/2023\\\/03\\\/02\\\/se-abre-el-plazo-para-participar-en-el-v-encuentro-enogastronomico-de-santa-cruz-de-la-palma\\\/#breadcrumb\",\"itemListElement\":[{\"@type\":\"ListItem\",\"position\":1,\"name\":\"Portada\",\"item\":\"https:\\\/\\\/saborealapalma.es\\\/\"},{\"@type\":\"ListItem\",\"position\":2,\"name\":\"Se abre el plazo para participar en el \u201cV Encuentro Enogastron\u00f3mico de Santa Cruz de La Palma\u201d\"}]},{\"@type\":\"WebSite\",\"@id\":\"https:\\\/\\\/saborealapalma.es\\\/#website\",\"url\":\"https:\\\/\\\/saborealapalma.es\\\/\",\"name\":\"Saborea La Palma\",\"description\":\"Saborea La Palma es el proyecto que lidera la Sociedad de Promoci\u00f3n Econ\u00f3mica de La Palma (SODEPAL S.A.U.M.P), empresa p\u00fablica dependiente de Cabildo Insular de La Palma, para la revalorizaci\u00f3n y el posicionamiento de la gastronom\u00eda palmera en los mercados regionales, nacionales e internacionales.\",\"potentialAction\":[{\"@type\":\"SearchAction\",\"target\":{\"@type\":\"EntryPoint\",\"urlTemplate\":\"https:\\\/\\\/saborealapalma.es\\\/?s={search_term_string}\"},\"query-input\":{\"@type\":\"PropertyValueSpecification\",\"valueRequired\":true,\"valueName\":\"search_term_string\"}}],\"inLanguage\":\"de\"},{\"@type\":\"Person\",\"@id\":\"https:\\\/\\\/saborealapalma.es\\\/#\\\/schema\\\/person\\\/5184c05828c0a459bbca73a6b4e6b4dc\",\"name\":\"Saborea La Palma\",\"url\":\"https:\\\/\\\/saborealapalma.es\\\/de\\\/blog\\\/author\\\/ivcabeza\\\/\"}]}<\/script>\n<!-- \/ Yoast SEO plugin. -->","yoast_head_json":{"title":"Se abre el plazo para participar en el \u201cV Encuentro Enogastron\u00f3mico de Santa Cruz de La Palma\u201d - Saborea La Palma","robots":{"index":"index","follow":"follow","max-snippet":"max-snippet:-1","max-image-preview":"max-image-preview:large","max-video-preview":"max-video-preview:-1"},"canonical":"https:\/\/saborealapalma.es\/de\/blog\/2023\/03\/02\/se-abre-el-plazo-para-participar-en-el-v-encuentro-enogastronomico-de-santa-cruz-de-la-palma\/","og_locale":"de_DE","og_type":"article","og_title":"Se abre el plazo para participar en el \u201cV Encuentro Enogastron\u00f3mico de Santa Cruz de La Palma\u201d - Saborea La Palma","og_description":"La capital de la isla se prepara para recibir, despu\u00e9s de tres a\u00f1os de pausa, \u2018La Feria del Vino 2023\u2019 que tendr\u00e1 lugar el s\u00e1bado 15 de abril, en la plaza de La Alameda. El Consejo Regulador de Vino La Palma y el Ayuntamiento de Santa Cruz de La Palma...","og_url":"https:\/\/saborealapalma.es\/de\/blog\/2023\/03\/02\/se-abre-el-plazo-para-participar-en-el-v-encuentro-enogastronomico-de-santa-cruz-de-la-palma\/","og_site_name":"Saborea La Palma","article_published_time":"2023-03-02T19:51:23+00:00","article_modified_time":"2023-03-02T19:52:19+00:00","og_image":[{"width":900,"height":596,"url":"https:\/\/saborealapalma.es\/wp-content\/uploads\/2023\/03\/santa-cruz-2023.jpg","type":"image\/jpeg"}],"author":"Saborea La Palma","twitter_card":"summary_large_image","twitter_misc":{"Geschrieben von":"Saborea La Palma","Gesch\u00e4tzte Lesezeit":"2\u00a0Minuten"},"schema":{"@context":"https:\/\/schema.org","@graph":[{"@type":"Article","@id":"https:\/\/saborealapalma.es\/blog\/2023\/03\/02\/se-abre-el-plazo-para-participar-en-el-v-encuentro-enogastronomico-de-santa-cruz-de-la-palma\/#article","isPartOf":{"@id":"https:\/\/saborealapalma.es\/blog\/2023\/03\/02\/se-abre-el-plazo-para-participar-en-el-v-encuentro-enogastronomico-de-santa-cruz-de-la-palma\/"},"author":{"name":"Saborea La Palma","@id":"https:\/\/saborealapalma.es\/#\/schema\/person\/5184c05828c0a459bbca73a6b4e6b4dc"},"headline":"Se abre el plazo para participar en el \u201cV Encuentro Enogastron\u00f3mico de Santa Cruz de La Palma\u201d","datePublished":"2023-03-02T19:51:23+00:00","dateModified":"2023-03-02T19:52:19+00:00","mainEntityOfPage":{"@id":"https:\/\/saborealapalma.es\/blog\/2023\/03\/02\/se-abre-el-plazo-para-participar-en-el-v-encuentro-enogastronomico-de-santa-cruz-de-la-palma\/"},"wordCount":299,"image":{"@id":"https:\/\/saborealapalma.es\/blog\/2023\/03\/02\/se-abre-el-plazo-para-participar-en-el-v-encuentro-enogastronomico-de-santa-cruz-de-la-palma\/#primaryimage"},"thumbnailUrl":"https:\/\/saborealapalma.es\/wp-content\/uploads\/2023\/03\/santa-cruz-2023.jpg","articleSection":["Blog Saborea","Noticias Saborea"],"inLanguage":"de"},{"@type":"WebPage","@id":"https:\/\/saborealapalma.es\/blog\/2023\/03\/02\/se-abre-el-plazo-para-participar-en-el-v-encuentro-enogastronomico-de-santa-cruz-de-la-palma\/","url":"https:\/\/saborealapalma.es\/blog\/2023\/03\/02\/se-abre-el-plazo-para-participar-en-el-v-encuentro-enogastronomico-de-santa-cruz-de-la-palma\/","name":"Se abre el plazo para participar en el \u201cV Encuentro Enogastron\u00f3mico de Santa Cruz de La Palma\u201d - Saborea La Palma","isPartOf":{"@id":"https:\/\/saborealapalma.es\/#website"},"primaryImageOfPage":{"@id":"https:\/\/saborealapalma.es\/blog\/2023\/03\/02\/se-abre-el-plazo-para-participar-en-el-v-encuentro-enogastronomico-de-santa-cruz-de-la-palma\/#primaryimage"},"image":{"@id":"https:\/\/saborealapalma.es\/blog\/2023\/03\/02\/se-abre-el-plazo-para-participar-en-el-v-encuentro-enogastronomico-de-santa-cruz-de-la-palma\/#primaryimage"},"thumbnailUrl":"https:\/\/saborealapalma.es\/wp-content\/uploads\/2023\/03\/santa-cruz-2023.jpg","datePublished":"2023-03-02T19:51:23+00:00","dateModified":"2023-03-02T19:52:19+00:00","author":{"@id":"https:\/\/saborealapalma.es\/#\/schema\/person\/5184c05828c0a459bbca73a6b4e6b4dc"},"breadcrumb":{"@id":"https:\/\/saborealapalma.es\/blog\/2023\/03\/02\/se-abre-el-plazo-para-participar-en-el-v-encuentro-enogastronomico-de-santa-cruz-de-la-palma\/#breadcrumb"},"inLanguage":"de","potentialAction":[{"@type":"ReadAction","target":["https:\/\/saborealapalma.es\/blog\/2023\/03\/02\/se-abre-el-plazo-para-participar-en-el-v-encuentro-enogastronomico-de-santa-cruz-de-la-palma\/"]}]},{"@type":"ImageObject","inLanguage":"de","@id":"https:\/\/saborealapalma.es\/blog\/2023\/03\/02\/se-abre-el-plazo-para-participar-en-el-v-encuentro-enogastronomico-de-santa-cruz-de-la-palma\/#primaryimage","url":"https:\/\/saborealapalma.es\/wp-content\/uploads\/2023\/03\/santa-cruz-2023.jpg","contentUrl":"https:\/\/saborealapalma.es\/wp-content\/uploads\/2023\/03\/santa-cruz-2023.jpg","width":900,"height":596},{"@type":"BreadcrumbList","@id":"https:\/\/saborealapalma.es\/blog\/2023\/03\/02\/se-abre-el-plazo-para-participar-en-el-v-encuentro-enogastronomico-de-santa-cruz-de-la-palma\/#breadcrumb","itemListElement":[{"@type":"ListItem","position":1,"name":"Portada","item":"https:\/\/saborealapalma.es\/"},{"@type":"ListItem","position":2,"name":"Se abre el plazo para participar en el \u201cV Encuentro Enogastron\u00f3mico de Santa Cruz de La Palma\u201d"}]},{"@type":"WebSite","@id":"https:\/\/saborealapalma.es\/#website","url":"https:\/\/saborealapalma.es\/","name":"Schmecken Sie La Palma","description":"Saborea La Palma ist das von der Sociedad de Promoci\u00f3n Econ\u00f3mica de La Palma (SODEPAL S.A.U.M.P), einem vom Cabildo Insular de La Palma abh\u00e4ngigen \u00f6ffentlichen Unternehmen, geleitete Projekt zur Aufwertung und Positionierung der Gastronomie La Palmas auf regionalen, nationalen und internationalen M\u00e4rkten.","potentialAction":[{"@type":"SearchAction","target":{"@type":"EntryPoint","urlTemplate":"https:\/\/saborealapalma.es\/?s={search_term_string}"},"query-input":{"@type":"PropertyValueSpecification","valueRequired":true,"valueName":"search_term_string"}}],"inLanguage":"de"},{"@type":"Person","@id":"https:\/\/saborealapalma.es\/#\/schema\/person\/5184c05828c0a459bbca73a6b4e6b4dc","name":"Schmecken Sie La Palma","url":"https:\/\/saborealapalma.es\/de\/blog\/author\/ivcabeza\/"}]}},"_links":{"self":[{"href":"https:\/\/saborealapalma.es\/de\/wp-json\/wp\/v2\/posts\/4985","targetHints":{"allow":["GET"]}}],"collection":[{"href":"https:\/\/saborealapalma.es\/de\/wp-json\/wp\/v2\/posts"}],"about":[{"href":"https:\/\/saborealapalma.es\/de\/wp-json\/wp\/v2\/types\/post"}],"author":[{"embeddable":true,"href":"https:\/\/saborealapalma.es\/de\/wp-json\/wp\/v2\/users\/4"}],"replies":[{"embeddable":true,"href":"https:\/\/saborealapalma.es\/de\/wp-json\/wp\/v2\/comments?post=4985"}],"version-history":[{"count":0,"href":"https:\/\/saborealapalma.es\/de\/wp-json\/wp\/v2\/posts\/4985\/revisions"}],"wp:featuredmedia":[{"embeddable":true,"href":"https:\/\/saborealapalma.es\/de\/wp-json\/wp\/v2\/media\/4986"}],"wp:attachment":[{"href":"https:\/\/saborealapalma.es\/de\/wp-json\/wp\/v2\/media?parent=4985"}],"wp:term":[{"taxonomy":"category","embeddable":true,"href":"https:\/\/saborealapalma.es\/de\/wp-json\/wp\/v2\/categories?post=4985"},{"taxonomy":"post_tag","embeddable":true,"href":"https:\/\/saborealapalma.es\/de\/wp-json\/wp\/v2\/tags?post=4985"}],"curies":[{"name":"wp","href":"https:\/\/api.w.org\/{rel}","templated":true}]}}