{"id":5836,"date":"2023-11-07T09:24:10","date_gmt":"2023-11-07T09:24:10","guid":{"rendered":"https:\/\/saborealapalma.es\/?p=5836"},"modified":"2023-11-09T22:02:15","modified_gmt":"2023-11-09T22:02:15","slug":"8-encuentro-de-agroenoturismo-de-canarias","status":"publish","type":"post","link":"https:\/\/saborealapalma.es\/de\/blog\/2023\/11\/07\/8-encuentro-de-agroenoturismo-de-canarias\/","title":{"rendered":"8. Kanarisches AgroEnotourismus-Treffen"},"content":{"rendered":"<div class=\"field field--name-field-noticias-entradilla field--type-text-long field--label-hidden field--item\">\n<h4>Die Initiative, die vom 8. bis 11. November stattfindet, hat sich als der wichtigste Treffpunkt f\u00fcr den Prim\u00e4rsektor und den Tourismus auf den Kanarischen Inseln positioniert.<\/h4>\n<\/div>\n<div class=\"field field--name-body field--type-text-with-summary field--label-hidden field--item\">\n<p>La Palma ist Gastgeber der achten Ausgabe des Encuentro de AgroEnoturismo de Canarias, einer Initiative, die von der C\u00e1tedra de Agroturismo y Enoturismo de Canarias des Instituto Canario de Calidad Agroalimentaria und der Universit\u00e4t von La Laguna (ULL) in Zusammenarbeit mit dem Cabildo de La Palma, dem Stadtrat von Fuencaliente, dem \u00f6ffentlichen Unternehmen Sodepal \u00fcber das Programm Saborea La Palma und der Unterst\u00fctzung durch den Plan de Incentivaci\u00f3n de Actividad Investigadora des Regionalministeriums f\u00fcr Wirtschaft, Wissen und Tourismus von La Palma entwickelt wurde, die Stadtverwaltung von Fuencaliente, das \u00f6ffentliche Unternehmen Sodepal, durch das Programm Saborea La Palma und die Unterst\u00fctzung des Plan de Incentivaci\u00f3n de la Actividad Investigadora, der vom Consejer\u00eda de Econom\u00eda, Conocimiento y Empleo del Gobierno de Canarias (Regionales Ministerium f\u00fcr Wirtschaft, Wissen und Besch\u00e4ftigung der Regierung der Kanarischen Inseln) gew\u00e4hrt wird.<\/p>\n<p>Die Pr\u00e4sentation dieser neuen Ausgabe, die vom 8. bis 11. November stattfinden wird, fand diesen Dienstag in Anwesenheit der Gesch\u00e4ftsf\u00fchrerin von Sodepal, Miriam Perestelo, des Bildungsministers Pablo D\u00edaz Cobiella, des B\u00fcrgermeisters von Fuencaliente, Gregorio Alonso, und des stellvertretenden Direktors des Lehrstuhls f\u00fcr Agrotourismus und Weintourismus der Kanarischen Inseln des Kanarischen Instituts f\u00fcr Agrar- und Lebensmittelqualit\u00e4t und der Universit\u00e4t von La Laguna, Gabriel Santos, statt.<\/p>\n<p>Die Gesch\u00e4ftsf\u00fchrerin von Sodepal, Miriam Perestelo, hob die Bedeutung dieser Veranstaltung f\u00fcr den Prim\u00e4r- und Tourismussektor der Kanarischen Inseln hervor, die dieses Mal von La Palma ausgerichtet wird und die es unserer Insel erm\u00f6glicht, sich in diesen beiden Bereichen als Ma\u00dfstab zu positionieren. \"Diese Veranstaltung ist eine Form des Tourismus, die die Verbindung mit der Natur, der lokalen Kultur und der regionalen Gastronomie f\u00f6rdert und sch\u00e4tzt\", sagte sie.<\/p>\n<p><a href=\"https:\/\/saborealapalma.es\/wp-content\/uploads\/2023\/11\/agroenoturismo.jpg\" data-src=\"https:\/\/saborealapalma.es\/wp-content\/uploads\/2023\/11\/agroenoturismo.jpg\" data-thumb=\"https:\/\/saborealapalma.es\/wp-content\/uploads\/2023\/11\/agroenoturismo-1024x723.jpg\" class=\"ml-lightbox-enabled\"><img fetchpriority=\"high\" decoding=\"async\" class=\"aligncenter wp-image-5837 size-large\" src=\"https:\/\/saborealapalma.es\/wp-content\/uploads\/2023\/11\/agroenoturismo-1024x723.jpg\" alt=\"\" width=\"1024\" height=\"723\" srcset=\"https:\/\/saborealapalma.es\/wp-content\/uploads\/2023\/11\/agroenoturismo-1024x723.jpg 1024w, https:\/\/saborealapalma.es\/wp-content\/uploads\/2023\/11\/agroenoturismo-300x212.jpg 300w, https:\/\/saborealapalma.es\/wp-content\/uploads\/2023\/11\/agroenoturismo-768x542.jpg 768w, https:\/\/saborealapalma.es\/wp-content\/uploads\/2023\/11\/agroenoturismo-18x12.jpg 18w, https:\/\/saborealapalma.es\/wp-content\/uploads\/2023\/11\/agroenoturismo-700x494.jpg 700w, https:\/\/saborealapalma.es\/wp-content\/uploads\/2023\/11\/agroenoturismo-600x424.jpg 600w, https:\/\/saborealapalma.es\/wp-content\/uploads\/2023\/11\/agroenoturismo.jpg 1440w\" sizes=\"(max-width: 1024px) 100vw, 1024px\" \/><\/a><\/p>\n<p>Der stellvertretende Direktor der Veranstaltung, Gabriel Santos, erkl\u00e4rte, dass an dieser achten Ausgabe in Fuencaliente, \"einer Gemeinde der Vulkane und des Weins, fast 70 Experten teilnehmen werden, um zu diskutieren, sich Wissen anzueignen und Erfahrungen auszutauschen, etwas, das wir vom Vorsitz aus zu f\u00f6rdern versuchen, denn auf diese Weise st\u00e4rken wir den Sektor und die agro-\u00f6kotouristische Aktivit\u00e4t, nicht nur auf La Palma, sondern auch auf dem Archipel\".<\/p>\n<p>Der B\u00fcrgermeister von Fuencaliente, Gregorio Alonso, verteidigte die Bedeutung dieser achten Ausgabe, die in einer Gemeinde stattfindet, \"die in erster Linie landwirtschaftlich gepr\u00e4gt ist und die mehrere Aktionen im Zusammenhang mit dem Tourismus durchf\u00fchrt und mit der Wiederherstellung von Geb\u00e4uden von traditionellem architektonischem Interesse, die f\u00fcr den Tourismus wiederhergestellt wurden, ein Vorreiter im l\u00e4ndlichen Tourismus auf La Palma ist\".<\/p>\n<p>Der Stadtrat f\u00fcr Bildung, Pablo D\u00edaz Cobiella, betonte seinerseits, dass diese Veranstaltung ein neues Beispiel f\u00fcr die Arbeit der Inselgesellschaft ist, die den Wirtschaftsmotor der Insel durch die Transversalit\u00e4t von Projekten wie diesem f\u00f6rdert. \"Wir verbinden Landwirtschaft, Tourismus und Kultur in einem Projekt, das mit diesem Lehrstuhl verbunden ist, was f\u00fcr diesen Fortschritt unerl\u00e4sslich ist\", sagte er.<\/p>\n<p>Das Programm, das am Mittwoch, den 8. November, in Fuencaliente beginnt und bis Samstag, den 11. November, dauert, umfasst mehr als 30 Redner aus verschiedenen Bereichen, die Pr\u00e4sentationen halten und an den verschiedenen Diskussionsrunden teilnehmen, die im Rahmen der Veranstaltung stattfinden.<\/p>\n<p>Im Rahmen dieses Treffens wird die Preisverleihung f\u00fcr den Enogastrotourismus der Universit\u00e4t von La Laguna 2023 stattfinden.<\/p>\n<p>Informationen \u00fcber die Veranstaltung finden Sie auf der Website der Universit\u00e4t von La Laguna.<\/p>\n<\/div>","protected":false},"excerpt":{"rendered":"<p>Die Initiative, die vom 8. bis 11. November stattfindet, hat sich als wichtigster Treffpunkt f\u00fcr den Prim\u00e4rsektor und den Tourismus auf den Kanarischen Inseln positioniert La Palma ist Gastgeber der achten Ausgabe des Kanarischen Agrartourismus-Treffens, einer Initiative, die vom Lehrstuhl f\u00fcr Agrartourismus...<\/p>","protected":false},"author":4,"featured_media":5850,"comment_status":"closed","ping_status":"closed","sticky":false,"template":"","format":"standard","meta":{"footnotes":""},"categories":[1,21],"tags":[],"class_list":["post-5836","post","type-post","status-publish","format-standard","has-post-thumbnail","hentry","category-blogsaborea","category-noticias-saborea"],"yoast_head":"<!-- This site is optimized with the Yoast SEO plugin v27.5 - https:\/\/yoast.com\/product\/yoast-seo-wordpress\/ -->\n<title>8 Encuentro de AgroEnoturismo de Canarias - Saborea La Palma<\/title>\n<meta name=\"robots\" content=\"index, follow, max-snippet:-1, max-image-preview:large, max-video-preview:-1\" \/>\n<link rel=\"canonical\" href=\"https:\/\/saborealapalma.es\/de\/blog\/2023\/11\/07\/8-encuentro-de-agroenoturismo-de-canarias\/\" \/>\n<meta property=\"og:locale\" content=\"de_DE\" \/>\n<meta property=\"og:type\" content=\"article\" \/>\n<meta property=\"og:title\" content=\"8 Encuentro de AgroEnoturismo de Canarias - Saborea La Palma\" \/>\n<meta property=\"og:description\" content=\"La iniciativa, que se desarrollar\u00e1 del 8 al 11 de noviembre, se ha posicionado como el principal punto de encuentro para el sector primario y la actividad tur\u00edstica de Canarias La Palma acoge la octava edici\u00f3n del Encuentro de AgroEnoturismo de Canarias, una iniciativa desarrollada por la C\u00e1tedra de Agroturismo...\" \/>\n<meta property=\"og:url\" content=\"https:\/\/saborealapalma.es\/de\/blog\/2023\/11\/07\/8-encuentro-de-agroenoturismo-de-canarias\/\" \/>\n<meta property=\"og:site_name\" content=\"Saborea La Palma\" \/>\n<meta property=\"article:published_time\" content=\"2023-11-07T09:24:10+00:00\" \/>\n<meta property=\"article:modified_time\" content=\"2023-11-09T22:02:15+00:00\" \/>\n<meta property=\"og:image\" content=\"https:\/\/saborealapalma.es\/wp-content\/uploads\/2023\/11\/Encuentro_Agroenoturismo_de_Canarias_2-scaled.jpg\" \/>\n\t<meta property=\"og:image:width\" content=\"2560\" \/>\n\t<meta property=\"og:image:height\" content=\"1920\" \/>\n\t<meta property=\"og:image:type\" content=\"image\/jpeg\" \/>\n<meta name=\"author\" content=\"Saborea La Palma\" \/>\n<meta name=\"twitter:card\" content=\"summary_large_image\" \/>\n<meta name=\"twitter:label1\" content=\"Geschrieben von\" \/>\n\t<meta name=\"twitter:data1\" content=\"Saborea La Palma\" \/>\n\t<meta name=\"twitter:label2\" content=\"Gesch\u00e4tzte Lesezeit\" \/>\n\t<meta name=\"twitter:data2\" content=\"3\u00a0Minuten\" \/>\n<script type=\"application\/ld+json\" class=\"yoast-schema-graph\">{\"@context\":\"https:\\\/\\\/schema.org\",\"@graph\":[{\"@type\":\"Article\",\"@id\":\"https:\\\/\\\/saborealapalma.es\\\/blog\\\/2023\\\/11\\\/07\\\/8-encuentro-de-agroenoturismo-de-canarias\\\/#article\",\"isPartOf\":{\"@id\":\"https:\\\/\\\/saborealapalma.es\\\/blog\\\/2023\\\/11\\\/07\\\/8-encuentro-de-agroenoturismo-de-canarias\\\/\"},\"author\":{\"name\":\"Saborea La Palma\",\"@id\":\"https:\\\/\\\/saborealapalma.es\\\/#\\\/schema\\\/person\\\/5184c05828c0a459bbca73a6b4e6b4dc\"},\"headline\":\"8 Encuentro de AgroEnoturismo de Canarias\",\"datePublished\":\"2023-11-07T09:24:10+00:00\",\"dateModified\":\"2023-11-09T22:02:15+00:00\",\"mainEntityOfPage\":{\"@id\":\"https:\\\/\\\/saborealapalma.es\\\/blog\\\/2023\\\/11\\\/07\\\/8-encuentro-de-agroenoturismo-de-canarias\\\/\"},\"wordCount\":569,\"image\":{\"@id\":\"https:\\\/\\\/saborealapalma.es\\\/blog\\\/2023\\\/11\\\/07\\\/8-encuentro-de-agroenoturismo-de-canarias\\\/#primaryimage\"},\"thumbnailUrl\":\"https:\\\/\\\/saborealapalma.es\\\/wp-content\\\/uploads\\\/2023\\\/11\\\/Encuentro_Agroenoturismo_de_Canarias_2-scaled.jpg\",\"articleSection\":[\"Blog Saborea\",\"Noticias Saborea\"],\"inLanguage\":\"de\"},{\"@type\":\"WebPage\",\"@id\":\"https:\\\/\\\/saborealapalma.es\\\/blog\\\/2023\\\/11\\\/07\\\/8-encuentro-de-agroenoturismo-de-canarias\\\/\",\"url\":\"https:\\\/\\\/saborealapalma.es\\\/blog\\\/2023\\\/11\\\/07\\\/8-encuentro-de-agroenoturismo-de-canarias\\\/\",\"name\":\"8 Encuentro de AgroEnoturismo de Canarias - Saborea La Palma\",\"isPartOf\":{\"@id\":\"https:\\\/\\\/saborealapalma.es\\\/#website\"},\"primaryImageOfPage\":{\"@id\":\"https:\\\/\\\/saborealapalma.es\\\/blog\\\/2023\\\/11\\\/07\\\/8-encuentro-de-agroenoturismo-de-canarias\\\/#primaryimage\"},\"image\":{\"@id\":\"https:\\\/\\\/saborealapalma.es\\\/blog\\\/2023\\\/11\\\/07\\\/8-encuentro-de-agroenoturismo-de-canarias\\\/#primaryimage\"},\"thumbnailUrl\":\"https:\\\/\\\/saborealapalma.es\\\/wp-content\\\/uploads\\\/2023\\\/11\\\/Encuentro_Agroenoturismo_de_Canarias_2-scaled.jpg\",\"datePublished\":\"2023-11-07T09:24:10+00:00\",\"dateModified\":\"2023-11-09T22:02:15+00:00\",\"author\":{\"@id\":\"https:\\\/\\\/saborealapalma.es\\\/#\\\/schema\\\/person\\\/5184c05828c0a459bbca73a6b4e6b4dc\"},\"breadcrumb\":{\"@id\":\"https:\\\/\\\/saborealapalma.es\\\/blog\\\/2023\\\/11\\\/07\\\/8-encuentro-de-agroenoturismo-de-canarias\\\/#breadcrumb\"},\"inLanguage\":\"de\",\"potentialAction\":[{\"@type\":\"ReadAction\",\"target\":[\"https:\\\/\\\/saborealapalma.es\\\/blog\\\/2023\\\/11\\\/07\\\/8-encuentro-de-agroenoturismo-de-canarias\\\/\"]}]},{\"@type\":\"ImageObject\",\"inLanguage\":\"de\",\"@id\":\"https:\\\/\\\/saborealapalma.es\\\/blog\\\/2023\\\/11\\\/07\\\/8-encuentro-de-agroenoturismo-de-canarias\\\/#primaryimage\",\"url\":\"https:\\\/\\\/saborealapalma.es\\\/wp-content\\\/uploads\\\/2023\\\/11\\\/Encuentro_Agroenoturismo_de_Canarias_2-scaled.jpg\",\"contentUrl\":\"https:\\\/\\\/saborealapalma.es\\\/wp-content\\\/uploads\\\/2023\\\/11\\\/Encuentro_Agroenoturismo_de_Canarias_2-scaled.jpg\",\"width\":2560,\"height\":1920},{\"@type\":\"BreadcrumbList\",\"@id\":\"https:\\\/\\\/saborealapalma.es\\\/blog\\\/2023\\\/11\\\/07\\\/8-encuentro-de-agroenoturismo-de-canarias\\\/#breadcrumb\",\"itemListElement\":[{\"@type\":\"ListItem\",\"position\":1,\"name\":\"Portada\",\"item\":\"https:\\\/\\\/saborealapalma.es\\\/\"},{\"@type\":\"ListItem\",\"position\":2,\"name\":\"8 Encuentro de AgroEnoturismo de Canarias\"}]},{\"@type\":\"WebSite\",\"@id\":\"https:\\\/\\\/saborealapalma.es\\\/#website\",\"url\":\"https:\\\/\\\/saborealapalma.es\\\/\",\"name\":\"Saborea La Palma\",\"description\":\"Saborea La Palma es el proyecto que lidera la Sociedad de Promoci\u00f3n Econ\u00f3mica de La Palma (SODEPAL S.A.U.M.P), empresa p\u00fablica dependiente de Cabildo Insular de La Palma, para la revalorizaci\u00f3n y el posicionamiento de la gastronom\u00eda palmera en los mercados regionales, nacionales e internacionales.\",\"potentialAction\":[{\"@type\":\"SearchAction\",\"target\":{\"@type\":\"EntryPoint\",\"urlTemplate\":\"https:\\\/\\\/saborealapalma.es\\\/?s={search_term_string}\"},\"query-input\":{\"@type\":\"PropertyValueSpecification\",\"valueRequired\":true,\"valueName\":\"search_term_string\"}}],\"inLanguage\":\"de\"},{\"@type\":\"Person\",\"@id\":\"https:\\\/\\\/saborealapalma.es\\\/#\\\/schema\\\/person\\\/5184c05828c0a459bbca73a6b4e6b4dc\",\"name\":\"Saborea La Palma\",\"url\":\"https:\\\/\\\/saborealapalma.es\\\/de\\\/blog\\\/author\\\/ivcabeza\\\/\"}]}<\/script>\n<!-- \/ Yoast SEO plugin. -->","yoast_head_json":{"title":"8 Encuentro de AgroEnoturismo de Canarias - Saborea La Palma","robots":{"index":"index","follow":"follow","max-snippet":"max-snippet:-1","max-image-preview":"max-image-preview:large","max-video-preview":"max-video-preview:-1"},"canonical":"https:\/\/saborealapalma.es\/de\/blog\/2023\/11\/07\/8-encuentro-de-agroenoturismo-de-canarias\/","og_locale":"de_DE","og_type":"article","og_title":"8 Encuentro de AgroEnoturismo de Canarias - Saborea La Palma","og_description":"La iniciativa, que se desarrollar\u00e1 del 8 al 11 de noviembre, se ha posicionado como el principal punto de encuentro para el sector primario y la actividad tur\u00edstica de Canarias La Palma acoge la octava edici\u00f3n del Encuentro de AgroEnoturismo de Canarias, una iniciativa desarrollada por la C\u00e1tedra de Agroturismo...","og_url":"https:\/\/saborealapalma.es\/de\/blog\/2023\/11\/07\/8-encuentro-de-agroenoturismo-de-canarias\/","og_site_name":"Saborea La Palma","article_published_time":"2023-11-07T09:24:10+00:00","article_modified_time":"2023-11-09T22:02:15+00:00","og_image":[{"width":2560,"height":1920,"url":"https:\/\/saborealapalma.es\/wp-content\/uploads\/2023\/11\/Encuentro_Agroenoturismo_de_Canarias_2-scaled.jpg","type":"image\/jpeg"}],"author":"Saborea La Palma","twitter_card":"summary_large_image","twitter_misc":{"Geschrieben von":"Saborea La Palma","Gesch\u00e4tzte Lesezeit":"3\u00a0Minuten"},"schema":{"@context":"https:\/\/schema.org","@graph":[{"@type":"Article","@id":"https:\/\/saborealapalma.es\/blog\/2023\/11\/07\/8-encuentro-de-agroenoturismo-de-canarias\/#article","isPartOf":{"@id":"https:\/\/saborealapalma.es\/blog\/2023\/11\/07\/8-encuentro-de-agroenoturismo-de-canarias\/"},"author":{"name":"Saborea La Palma","@id":"https:\/\/saborealapalma.es\/#\/schema\/person\/5184c05828c0a459bbca73a6b4e6b4dc"},"headline":"8 Encuentro de AgroEnoturismo de Canarias","datePublished":"2023-11-07T09:24:10+00:00","dateModified":"2023-11-09T22:02:15+00:00","mainEntityOfPage":{"@id":"https:\/\/saborealapalma.es\/blog\/2023\/11\/07\/8-encuentro-de-agroenoturismo-de-canarias\/"},"wordCount":569,"image":{"@id":"https:\/\/saborealapalma.es\/blog\/2023\/11\/07\/8-encuentro-de-agroenoturismo-de-canarias\/#primaryimage"},"thumbnailUrl":"https:\/\/saborealapalma.es\/wp-content\/uploads\/2023\/11\/Encuentro_Agroenoturismo_de_Canarias_2-scaled.jpg","articleSection":["Blog Saborea","Noticias Saborea"],"inLanguage":"de"},{"@type":"WebPage","@id":"https:\/\/saborealapalma.es\/blog\/2023\/11\/07\/8-encuentro-de-agroenoturismo-de-canarias\/","url":"https:\/\/saborealapalma.es\/blog\/2023\/11\/07\/8-encuentro-de-agroenoturismo-de-canarias\/","name":"8 Encuentro de AgroEnoturismo de Canarias - Saborea La Palma","isPartOf":{"@id":"https:\/\/saborealapalma.es\/#website"},"primaryImageOfPage":{"@id":"https:\/\/saborealapalma.es\/blog\/2023\/11\/07\/8-encuentro-de-agroenoturismo-de-canarias\/#primaryimage"},"image":{"@id":"https:\/\/saborealapalma.es\/blog\/2023\/11\/07\/8-encuentro-de-agroenoturismo-de-canarias\/#primaryimage"},"thumbnailUrl":"https:\/\/saborealapalma.es\/wp-content\/uploads\/2023\/11\/Encuentro_Agroenoturismo_de_Canarias_2-scaled.jpg","datePublished":"2023-11-07T09:24:10+00:00","dateModified":"2023-11-09T22:02:15+00:00","author":{"@id":"https:\/\/saborealapalma.es\/#\/schema\/person\/5184c05828c0a459bbca73a6b4e6b4dc"},"breadcrumb":{"@id":"https:\/\/saborealapalma.es\/blog\/2023\/11\/07\/8-encuentro-de-agroenoturismo-de-canarias\/#breadcrumb"},"inLanguage":"de","potentialAction":[{"@type":"ReadAction","target":["https:\/\/saborealapalma.es\/blog\/2023\/11\/07\/8-encuentro-de-agroenoturismo-de-canarias\/"]}]},{"@type":"ImageObject","inLanguage":"de","@id":"https:\/\/saborealapalma.es\/blog\/2023\/11\/07\/8-encuentro-de-agroenoturismo-de-canarias\/#primaryimage","url":"https:\/\/saborealapalma.es\/wp-content\/uploads\/2023\/11\/Encuentro_Agroenoturismo_de_Canarias_2-scaled.jpg","contentUrl":"https:\/\/saborealapalma.es\/wp-content\/uploads\/2023\/11\/Encuentro_Agroenoturismo_de_Canarias_2-scaled.jpg","width":2560,"height":1920},{"@type":"BreadcrumbList","@id":"https:\/\/saborealapalma.es\/blog\/2023\/11\/07\/8-encuentro-de-agroenoturismo-de-canarias\/#breadcrumb","itemListElement":[{"@type":"ListItem","position":1,"name":"Portada","item":"https:\/\/saborealapalma.es\/"},{"@type":"ListItem","position":2,"name":"8 Encuentro de AgroEnoturismo de Canarias"}]},{"@type":"WebSite","@id":"https:\/\/saborealapalma.es\/#website","url":"https:\/\/saborealapalma.es\/","name":"Schmecken Sie La Palma","description":"Saborea La Palma ist das von der Sociedad de Promoci\u00f3n Econ\u00f3mica de La Palma (SODEPAL S.A.U.M.P), einem vom Cabildo Insular de La Palma abh\u00e4ngigen \u00f6ffentlichen Unternehmen, geleitete Projekt zur Aufwertung und Positionierung der Gastronomie La Palmas auf regionalen, nationalen und internationalen M\u00e4rkten.","potentialAction":[{"@type":"SearchAction","target":{"@type":"EntryPoint","urlTemplate":"https:\/\/saborealapalma.es\/?s={search_term_string}"},"query-input":{"@type":"PropertyValueSpecification","valueRequired":true,"valueName":"search_term_string"}}],"inLanguage":"de"},{"@type":"Person","@id":"https:\/\/saborealapalma.es\/#\/schema\/person\/5184c05828c0a459bbca73a6b4e6b4dc","name":"Schmecken Sie La Palma","url":"https:\/\/saborealapalma.es\/de\/blog\/author\/ivcabeza\/"}]}},"_links":{"self":[{"href":"https:\/\/saborealapalma.es\/de\/wp-json\/wp\/v2\/posts\/5836","targetHints":{"allow":["GET"]}}],"collection":[{"href":"https:\/\/saborealapalma.es\/de\/wp-json\/wp\/v2\/posts"}],"about":[{"href":"https:\/\/saborealapalma.es\/de\/wp-json\/wp\/v2\/types\/post"}],"author":[{"embeddable":true,"href":"https:\/\/saborealapalma.es\/de\/wp-json\/wp\/v2\/users\/4"}],"replies":[{"embeddable":true,"href":"https:\/\/saborealapalma.es\/de\/wp-json\/wp\/v2\/comments?post=5836"}],"version-history":[{"count":0,"href":"https:\/\/saborealapalma.es\/de\/wp-json\/wp\/v2\/posts\/5836\/revisions"}],"wp:featuredmedia":[{"embeddable":true,"href":"https:\/\/saborealapalma.es\/de\/wp-json\/wp\/v2\/media\/5850"}],"wp:attachment":[{"href":"https:\/\/saborealapalma.es\/de\/wp-json\/wp\/v2\/media?parent=5836"}],"wp:term":[{"taxonomy":"category","embeddable":true,"href":"https:\/\/saborealapalma.es\/de\/wp-json\/wp\/v2\/categories?post=5836"},{"taxonomy":"post_tag","embeddable":true,"href":"https:\/\/saborealapalma.es\/de\/wp-json\/wp\/v2\/tags?post=5836"}],"curies":[{"name":"wp","href":"https:\/\/api.w.org\/{rel}","templated":true}]}}