{"id":9259,"date":"2026-04-29T16:51:46","date_gmt":"2026-04-29T15:51:46","guid":{"rendered":"https:\/\/saborealapalma.es\/?p=9259"},"modified":"2026-04-29T16:54:45","modified_gmt":"2026-04-29T15:54:45","slug":"abrimos-el-plazo-de-inscripcion-para-participar-en-la-feria-insular-de-gastronomia-saborea-la-palma","status":"publish","type":"post","link":"https:\/\/saborealapalma.es\/de\/blog\/2026\/04\/29\/abrimos-el-plazo-de-inscripcion-para-participar-en-la-feria-insular-de-gastronomia-saborea-la-palma\/","title":{"rendered":"Abrimos el plazo de inscripci\u00f3n para participar en la Feria Insular de Gastronom\u00eda Saborea La Palma"},"content":{"rendered":"<div data-elementor-type=\"wp-page\" data-elementor-id=\"9259\" class=\"elementor elementor-9259\" data-elementor-post-type=\"post\">\n\t\t\t\t\t\t<section data-particle_enable=\"false\" data-particle-mobile-disabled=\"false\" class=\"elementor-section elementor-top-section elementor-element elementor-element-6b8a763 elementor-section-boxed elementor-section-height-default elementor-section-height-default parallax_section_no qode_elementor_container_no\" data-id=\"6b8a763\" data-element_type=\"section\" data-e-type=\"section\">\n\t\t\t\t\t\t<div class=\"elementor-container elementor-column-gap-default\">\n\t\t\t\t\t<div class=\"elementor-column elementor-col-100 elementor-top-column elementor-element elementor-element-0ef133e\" data-id=\"0ef133e\" data-element_type=\"column\" data-e-type=\"column\">\n\t\t\t<div class=\"elementor-widget-wrap elementor-element-populated\">\n\t\t\t\t\t\t<div class=\"elementor-element elementor-element-e17bf48 elementor-widget elementor-widget-text-editor\" data-id=\"e17bf48\" data-element_type=\"widget\" data-e-type=\"widget\" data-widget_type=\"text-editor.default\">\n\t\t\t\t<div class=\"elementor-widget-container\">\n\t\t\t\t\t\t\t\t\t<div class=\"field field--name-field-noticias-entradilla field--type-text-long field--label-hidden field--item\"><div class=\"field field--name-field-noticias-entradilla field--type-text-long field--label-hidden field--item\"><div class=\"field field--name-field-noticias-entradilla field--type-text-long field--label-hidden field--item\"><div class=\"field field--name-field-noticias-entradilla field--type-text-long field--label-hidden field--item\"><div class=\"field field--name-field-noticias-entradilla field--type-text-long field--label-hidden field--item\"><h5>El evento, organizado a trav\u00e9s de la empresa p\u00fablica Sodepal, se celebrar\u00e1 en Bre\u00f1a Alta los d\u00edas 26 y 27 de junio.<\/h5><\/div><div class=\"field field--name-body field--type-text-with-summary field--label-hidden field--item\"><p>El Cabildo de La Palma abre el plazo de inscripci\u00f3n para participar en la tercera edici\u00f3n de la Feria Insular de Gastronom\u00eda Saborea La Palma, un evento ya consolidado dentro del calendario insular que tendr\u00e1 lugar los pr\u00f3ximos 26 y 27 de junio en el municipio de Bre\u00f1a Alta, organizado a trav\u00e9s de la empresa p\u00fablica Sodepal.<\/p><p>La consejera de Promoci\u00f3n Econ\u00f3mica del Cabildo y consejera delegada de Sodepal, Miriam Perestelo, destaca la excelente acogida de esta iniciativa, subrayando que \u201cen apenas dos ediciones, Saborea La Palma se ha convertido en un evento de referencia, poniendo en valor la calidad y singularidad de nuestros productos, as\u00ed como el compromiso y la profesionalidad de quienes los elaboran y los llevan a la mesa\u201d.<\/p><p>Perestelo ha se\u00f1alado que esta nueva edici\u00f3n \u201cmantendr\u00e1 el alto nivel organizativo alcanzado en a\u00f1os anteriores, con el objetivo de que la ciudadan\u00eda siga disfrutando de la riqueza gastron\u00f3mica de la Isla, al tiempo que se refuerza la promoci\u00f3n de las empresas participantes y su posicionamiento en el mercado\u201d.<\/p><p>Por su parte, el alcalde de Bre\u00f1a Alta, Jonathan Felipe, incide en que \u201cpara nosotros supone una alegr\u00eda y un gesto por parte del Cabildo Insular de La Palma, a parte de un agradecimiento al trabajo realizado de muchos emprendedores de Bre\u00f1a Alta en el \u00e1mbito gastron\u00f3mico. Bre\u00f1a Alta sigue prestando espacios de oportunidad para la Isla, y el desarrollo social y econ\u00f3mico de la misma\u201d.<\/p><p>Tras el \u00e9xito de participaci\u00f3n registrado en Fuencaliente y Los Llanos de Aridane, la feria se traslada en esta ocasi\u00f3n al n\u00facleo urbano de San Pedro, en Bre\u00f1a Alta, con el prop\u00f3sito de seguir dinamizando diferentes municipios y acercar el producto local a toda la poblaci\u00f3n.<\/p><p>El evento, que cuenta con la colaboraci\u00f3n del Ayuntamiento de Bre\u00f1a Alta, dispondr\u00e1 de una amplia zona de exposici\u00f3n y venta de productos locales, as\u00ed como de un espacio profesional dirigido a los integrantes de la marca Saborea La Palma. En este \u00e1mbito se desarrollar\u00e1n conferencias, mesas de debate, concursos gastron\u00f3micos y sesiones de showcooking, concebidas como escaparate del talento y la innovaci\u00f3n del sector.<\/p><p>Adem\u00e1s, la feria incorporar\u00e1 un espacio espec\u00edfico para fomentar las relaciones comerciales entre productores y distribuidores, facilitando oportunidades de negocio y contribuyendo al crecimiento del tejido econ\u00f3mico insular.<\/p><p>El p\u00fablico asistente podr\u00e1 disfrutar de diferentes \u00e1reas tem\u00e1ticas, entre ellas un aula dedicada al conocimiento y la valorizaci\u00f3n de los productos locales, as\u00ed como de un atractivo programa l\u00fadico que incluir\u00e1 degustaciones y actuaciones musicales de grupos tanto locales como invitados.<\/p><p>La programaci\u00f3n tambi\u00e9n prestar\u00e1 especial atenci\u00f3n al p\u00fablico infantil, con un espacio propio en el que se desarrollar\u00e1n talleres de cocina orientados a fomentar h\u00e1bitos saludables y el conocimiento de la gastronom\u00eda desde edades tempranas.<\/p><p>Las empresas interesadas en participar pueden formalizar su inscripci\u00f3n a trav\u00e9s del siguiente enlace:<br \/><a href=\"https:\/\/saborealapalma.es\/de\/inscripcion-a-ferias\/inscripcion-al-iii-festival-gastronomico-insular-saborea-la-palma\/\" target=\"_blank\" rel=\"noopener\">https:\/\/saborealapalma.es\/inscripcion-a-ferias\/inscripcion-al-iii-festival-gastronomico-insular-saborea-la-palma\/<\/a><\/p><\/div><\/div><\/div><\/div><\/div>\t\t\t\t\t\t\t\t<\/div>\n\t\t\t\t<\/div>\n\t\t\t\t\t<\/div>\n\t\t<\/div>\n\t\t\t\t\t<\/div>\n\t\t<\/section>\n\t\t\t\t<\/div>","protected":false},"excerpt":{"rendered":"<p>El evento, organizado a trav\u00e9s de la empresa p\u00fablica Sodepal, se celebrar\u00e1 en Bre\u00f1a Alta los d\u00edas 26 y 27 de junio. El Cabildo de La Palma abre el plazo de inscripci\u00f3n para participar en la tercera edici\u00f3n de la Feria Insular de Gastronom\u00eda Saborea La Palma, un evento ya&#8230;<\/p>","protected":false},"author":4,"featured_media":9261,"comment_status":"closed","ping_status":"closed","sticky":false,"template":"","format":"standard","meta":{"footnotes":""},"categories":[1,21],"tags":[],"class_list":["post-9259","post","type-post","status-publish","format-standard","has-post-thumbnail","hentry","category-blogsaborea","category-noticias-saborea"],"yoast_head":"<!-- This site is optimized with the Yoast SEO plugin v27.5 - https:\/\/yoast.com\/product\/yoast-seo-wordpress\/ -->\n<title>Abrimos el plazo de inscripci\u00f3n para participar en la Feria Insular de Gastronom\u00eda Saborea La Palma - Saborea La Palma<\/title>\n<meta name=\"robots\" content=\"index, follow, max-snippet:-1, max-image-preview:large, max-video-preview:-1\" \/>\n<link rel=\"canonical\" href=\"https:\/\/saborealapalma.es\/de\/blog\/2026\/04\/29\/abrimos-el-plazo-de-inscripcion-para-participar-en-la-feria-insular-de-gastronomia-saborea-la-palma\/\" \/>\n<meta property=\"og:locale\" content=\"de_DE\" \/>\n<meta property=\"og:type\" content=\"article\" \/>\n<meta property=\"og:title\" content=\"Abrimos el plazo de inscripci\u00f3n para participar en la Feria Insular de Gastronom\u00eda Saborea La Palma - Saborea La Palma\" \/>\n<meta property=\"og:description\" content=\"El evento, organizado a trav\u00e9s de la empresa p\u00fablica Sodepal, se celebrar\u00e1 en Bre\u00f1a Alta los d\u00edas 26 y 27 de junio. El Cabildo de La Palma abre el plazo de inscripci\u00f3n para participar en la tercera edici\u00f3n de la Feria Insular de Gastronom\u00eda Saborea La Palma, un evento ya...\" \/>\n<meta property=\"og:url\" content=\"https:\/\/saborealapalma.es\/de\/blog\/2026\/04\/29\/abrimos-el-plazo-de-inscripcion-para-participar-en-la-feria-insular-de-gastronomia-saborea-la-palma\/\" \/>\n<meta property=\"og:site_name\" content=\"Saborea La Palma\" \/>\n<meta property=\"article:published_time\" content=\"2026-04-29T15:51:46+00:00\" \/>\n<meta property=\"article:modified_time\" content=\"2026-04-29T15:54:45+00:00\" \/>\n<meta property=\"og:image\" content=\"https:\/\/saborealapalma.es\/wp-content\/uploads\/2026\/04\/Feria_Insular_Gastronomia_w-1.jpg\" \/>\n\t<meta property=\"og:image:width\" content=\"848\" \/>\n\t<meta property=\"og:image:height\" content=\"1200\" \/>\n\t<meta property=\"og:image:type\" content=\"image\/jpeg\" \/>\n<meta name=\"author\" content=\"Saborea La Palma\" \/>\n<meta name=\"twitter:card\" content=\"summary_large_image\" \/>\n<meta name=\"twitter:label1\" content=\"Geschrieben von\" \/>\n\t<meta name=\"twitter:data1\" content=\"Saborea La Palma\" \/>\n\t<meta name=\"twitter:label2\" content=\"Gesch\u00e4tzte Lesezeit\" \/>\n\t<meta name=\"twitter:data2\" content=\"3\u00a0Minuten\" \/>\n<script type=\"application\/ld+json\" class=\"yoast-schema-graph\">{\"@context\":\"https:\\\/\\\/schema.org\",\"@graph\":[{\"@type\":\"Article\",\"@id\":\"https:\\\/\\\/saborealapalma.es\\\/blog\\\/2026\\\/04\\\/29\\\/abrimos-el-plazo-de-inscripcion-para-participar-en-la-feria-insular-de-gastronomia-saborea-la-palma\\\/#article\",\"isPartOf\":{\"@id\":\"https:\\\/\\\/saborealapalma.es\\\/blog\\\/2026\\\/04\\\/29\\\/abrimos-el-plazo-de-inscripcion-para-participar-en-la-feria-insular-de-gastronomia-saborea-la-palma\\\/\"},\"author\":{\"name\":\"Saborea La Palma\",\"@id\":\"https:\\\/\\\/saborealapalma.es\\\/#\\\/schema\\\/person\\\/5184c05828c0a459bbca73a6b4e6b4dc\"},\"headline\":\"Abrimos el plazo de inscripci\u00f3n para participar en la Feria Insular de Gastronom\u00eda Saborea La Palma\",\"datePublished\":\"2026-04-29T15:51:46+00:00\",\"dateModified\":\"2026-04-29T15:54:45+00:00\",\"mainEntityOfPage\":{\"@id\":\"https:\\\/\\\/saborealapalma.es\\\/blog\\\/2026\\\/04\\\/29\\\/abrimos-el-plazo-de-inscripcion-para-participar-en-la-feria-insular-de-gastronomia-saborea-la-palma\\\/\"},\"wordCount\":561,\"image\":{\"@id\":\"https:\\\/\\\/saborealapalma.es\\\/blog\\\/2026\\\/04\\\/29\\\/abrimos-el-plazo-de-inscripcion-para-participar-en-la-feria-insular-de-gastronomia-saborea-la-palma\\\/#primaryimage\"},\"thumbnailUrl\":\"https:\\\/\\\/saborealapalma.es\\\/wp-content\\\/uploads\\\/2026\\\/04\\\/Feria_Insular_Gastronomia_w-1.jpg\",\"articleSection\":[\"Blog Saborea\",\"Noticias Saborea\"],\"inLanguage\":\"de\"},{\"@type\":\"WebPage\",\"@id\":\"https:\\\/\\\/saborealapalma.es\\\/blog\\\/2026\\\/04\\\/29\\\/abrimos-el-plazo-de-inscripcion-para-participar-en-la-feria-insular-de-gastronomia-saborea-la-palma\\\/\",\"url\":\"https:\\\/\\\/saborealapalma.es\\\/blog\\\/2026\\\/04\\\/29\\\/abrimos-el-plazo-de-inscripcion-para-participar-en-la-feria-insular-de-gastronomia-saborea-la-palma\\\/\",\"name\":\"Abrimos el plazo de inscripci\u00f3n para participar en la Feria Insular de Gastronom\u00eda Saborea La Palma - Saborea La Palma\",\"isPartOf\":{\"@id\":\"https:\\\/\\\/saborealapalma.es\\\/#website\"},\"primaryImageOfPage\":{\"@id\":\"https:\\\/\\\/saborealapalma.es\\\/blog\\\/2026\\\/04\\\/29\\\/abrimos-el-plazo-de-inscripcion-para-participar-en-la-feria-insular-de-gastronomia-saborea-la-palma\\\/#primaryimage\"},\"image\":{\"@id\":\"https:\\\/\\\/saborealapalma.es\\\/blog\\\/2026\\\/04\\\/29\\\/abrimos-el-plazo-de-inscripcion-para-participar-en-la-feria-insular-de-gastronomia-saborea-la-palma\\\/#primaryimage\"},\"thumbnailUrl\":\"https:\\\/\\\/saborealapalma.es\\\/wp-content\\\/uploads\\\/2026\\\/04\\\/Feria_Insular_Gastronomia_w-1.jpg\",\"datePublished\":\"2026-04-29T15:51:46+00:00\",\"dateModified\":\"2026-04-29T15:54:45+00:00\",\"author\":{\"@id\":\"https:\\\/\\\/saborealapalma.es\\\/#\\\/schema\\\/person\\\/5184c05828c0a459bbca73a6b4e6b4dc\"},\"breadcrumb\":{\"@id\":\"https:\\\/\\\/saborealapalma.es\\\/blog\\\/2026\\\/04\\\/29\\\/abrimos-el-plazo-de-inscripcion-para-participar-en-la-feria-insular-de-gastronomia-saborea-la-palma\\\/#breadcrumb\"},\"inLanguage\":\"de\",\"potentialAction\":[{\"@type\":\"ReadAction\",\"target\":[\"https:\\\/\\\/saborealapalma.es\\\/blog\\\/2026\\\/04\\\/29\\\/abrimos-el-plazo-de-inscripcion-para-participar-en-la-feria-insular-de-gastronomia-saborea-la-palma\\\/\"]}]},{\"@type\":\"ImageObject\",\"inLanguage\":\"de\",\"@id\":\"https:\\\/\\\/saborealapalma.es\\\/blog\\\/2026\\\/04\\\/29\\\/abrimos-el-plazo-de-inscripcion-para-participar-en-la-feria-insular-de-gastronomia-saborea-la-palma\\\/#primaryimage\",\"url\":\"https:\\\/\\\/saborealapalma.es\\\/wp-content\\\/uploads\\\/2026\\\/04\\\/Feria_Insular_Gastronomia_w-1.jpg\",\"contentUrl\":\"https:\\\/\\\/saborealapalma.es\\\/wp-content\\\/uploads\\\/2026\\\/04\\\/Feria_Insular_Gastronomia_w-1.jpg\",\"width\":848,\"height\":1200},{\"@type\":\"BreadcrumbList\",\"@id\":\"https:\\\/\\\/saborealapalma.es\\\/blog\\\/2026\\\/04\\\/29\\\/abrimos-el-plazo-de-inscripcion-para-participar-en-la-feria-insular-de-gastronomia-saborea-la-palma\\\/#breadcrumb\",\"itemListElement\":[{\"@type\":\"ListItem\",\"position\":1,\"name\":\"Portada\",\"item\":\"https:\\\/\\\/saborealapalma.es\\\/\"},{\"@type\":\"ListItem\",\"position\":2,\"name\":\"Abrimos el plazo de inscripci\u00f3n para participar en la Feria Insular de Gastronom\u00eda Saborea La Palma\"}]},{\"@type\":\"WebSite\",\"@id\":\"https:\\\/\\\/saborealapalma.es\\\/#website\",\"url\":\"https:\\\/\\\/saborealapalma.es\\\/\",\"name\":\"Saborea La Palma\",\"description\":\"Saborea La Palma es el proyecto que lidera la Sociedad de Promoci\u00f3n Econ\u00f3mica de La Palma (SODEPAL S.A.U.M.P), empresa p\u00fablica dependiente de Cabildo Insular de La Palma, para la revalorizaci\u00f3n y el posicionamiento de la gastronom\u00eda palmera en los mercados regionales, nacionales e internacionales.\",\"potentialAction\":[{\"@type\":\"SearchAction\",\"target\":{\"@type\":\"EntryPoint\",\"urlTemplate\":\"https:\\\/\\\/saborealapalma.es\\\/?s={search_term_string}\"},\"query-input\":{\"@type\":\"PropertyValueSpecification\",\"valueRequired\":true,\"valueName\":\"search_term_string\"}}],\"inLanguage\":\"de\"},{\"@type\":\"Person\",\"@id\":\"https:\\\/\\\/saborealapalma.es\\\/#\\\/schema\\\/person\\\/5184c05828c0a459bbca73a6b4e6b4dc\",\"name\":\"Saborea La Palma\",\"url\":\"https:\\\/\\\/saborealapalma.es\\\/de\\\/blog\\\/author\\\/ivcabeza\\\/\"}]}<\/script>\n<!-- \/ Yoast SEO plugin. -->","yoast_head_json":{"title":"Abrimos el plazo de inscripci\u00f3n para participar en la Feria Insular de Gastronom\u00eda Saborea La Palma - Saborea La Palma","robots":{"index":"index","follow":"follow","max-snippet":"max-snippet:-1","max-image-preview":"max-image-preview:large","max-video-preview":"max-video-preview:-1"},"canonical":"https:\/\/saborealapalma.es\/de\/blog\/2026\/04\/29\/abrimos-el-plazo-de-inscripcion-para-participar-en-la-feria-insular-de-gastronomia-saborea-la-palma\/","og_locale":"de_DE","og_type":"article","og_title":"Abrimos el plazo de inscripci\u00f3n para participar en la Feria Insular de Gastronom\u00eda Saborea La Palma - Saborea La Palma","og_description":"El evento, organizado a trav\u00e9s de la empresa p\u00fablica Sodepal, se celebrar\u00e1 en Bre\u00f1a Alta los d\u00edas 26 y 27 de junio. El Cabildo de La Palma abre el plazo de inscripci\u00f3n para participar en la tercera edici\u00f3n de la Feria Insular de Gastronom\u00eda Saborea La Palma, un evento ya...","og_url":"https:\/\/saborealapalma.es\/de\/blog\/2026\/04\/29\/abrimos-el-plazo-de-inscripcion-para-participar-en-la-feria-insular-de-gastronomia-saborea-la-palma\/","og_site_name":"Saborea La Palma","article_published_time":"2026-04-29T15:51:46+00:00","article_modified_time":"2026-04-29T15:54:45+00:00","og_image":[{"width":848,"height":1200,"url":"https:\/\/saborealapalma.es\/wp-content\/uploads\/2026\/04\/Feria_Insular_Gastronomia_w-1.jpg","type":"image\/jpeg"}],"author":"Saborea La Palma","twitter_card":"summary_large_image","twitter_misc":{"Geschrieben von":"Saborea La Palma","Gesch\u00e4tzte Lesezeit":"3\u00a0Minuten"},"schema":{"@context":"https:\/\/schema.org","@graph":[{"@type":"Article","@id":"https:\/\/saborealapalma.es\/blog\/2026\/04\/29\/abrimos-el-plazo-de-inscripcion-para-participar-en-la-feria-insular-de-gastronomia-saborea-la-palma\/#article","isPartOf":{"@id":"https:\/\/saborealapalma.es\/blog\/2026\/04\/29\/abrimos-el-plazo-de-inscripcion-para-participar-en-la-feria-insular-de-gastronomia-saborea-la-palma\/"},"author":{"name":"Saborea La Palma","@id":"https:\/\/saborealapalma.es\/#\/schema\/person\/5184c05828c0a459bbca73a6b4e6b4dc"},"headline":"Abrimos el plazo de inscripci\u00f3n para participar en la Feria Insular de Gastronom\u00eda Saborea La Palma","datePublished":"2026-04-29T15:51:46+00:00","dateModified":"2026-04-29T15:54:45+00:00","mainEntityOfPage":{"@id":"https:\/\/saborealapalma.es\/blog\/2026\/04\/29\/abrimos-el-plazo-de-inscripcion-para-participar-en-la-feria-insular-de-gastronomia-saborea-la-palma\/"},"wordCount":561,"image":{"@id":"https:\/\/saborealapalma.es\/blog\/2026\/04\/29\/abrimos-el-plazo-de-inscripcion-para-participar-en-la-feria-insular-de-gastronomia-saborea-la-palma\/#primaryimage"},"thumbnailUrl":"https:\/\/saborealapalma.es\/wp-content\/uploads\/2026\/04\/Feria_Insular_Gastronomia_w-1.jpg","articleSection":["Blog Saborea","Noticias Saborea"],"inLanguage":"de"},{"@type":"WebPage","@id":"https:\/\/saborealapalma.es\/blog\/2026\/04\/29\/abrimos-el-plazo-de-inscripcion-para-participar-en-la-feria-insular-de-gastronomia-saborea-la-palma\/","url":"https:\/\/saborealapalma.es\/blog\/2026\/04\/29\/abrimos-el-plazo-de-inscripcion-para-participar-en-la-feria-insular-de-gastronomia-saborea-la-palma\/","name":"Abrimos el plazo de inscripci\u00f3n para participar en la Feria Insular de Gastronom\u00eda Saborea La Palma - Saborea La Palma","isPartOf":{"@id":"https:\/\/saborealapalma.es\/#website"},"primaryImageOfPage":{"@id":"https:\/\/saborealapalma.es\/blog\/2026\/04\/29\/abrimos-el-plazo-de-inscripcion-para-participar-en-la-feria-insular-de-gastronomia-saborea-la-palma\/#primaryimage"},"image":{"@id":"https:\/\/saborealapalma.es\/blog\/2026\/04\/29\/abrimos-el-plazo-de-inscripcion-para-participar-en-la-feria-insular-de-gastronomia-saborea-la-palma\/#primaryimage"},"thumbnailUrl":"https:\/\/saborealapalma.es\/wp-content\/uploads\/2026\/04\/Feria_Insular_Gastronomia_w-1.jpg","datePublished":"2026-04-29T15:51:46+00:00","dateModified":"2026-04-29T15:54:45+00:00","author":{"@id":"https:\/\/saborealapalma.es\/#\/schema\/person\/5184c05828c0a459bbca73a6b4e6b4dc"},"breadcrumb":{"@id":"https:\/\/saborealapalma.es\/blog\/2026\/04\/29\/abrimos-el-plazo-de-inscripcion-para-participar-en-la-feria-insular-de-gastronomia-saborea-la-palma\/#breadcrumb"},"inLanguage":"de","potentialAction":[{"@type":"ReadAction","target":["https:\/\/saborealapalma.es\/blog\/2026\/04\/29\/abrimos-el-plazo-de-inscripcion-para-participar-en-la-feria-insular-de-gastronomia-saborea-la-palma\/"]}]},{"@type":"ImageObject","inLanguage":"de","@id":"https:\/\/saborealapalma.es\/blog\/2026\/04\/29\/abrimos-el-plazo-de-inscripcion-para-participar-en-la-feria-insular-de-gastronomia-saborea-la-palma\/#primaryimage","url":"https:\/\/saborealapalma.es\/wp-content\/uploads\/2026\/04\/Feria_Insular_Gastronomia_w-1.jpg","contentUrl":"https:\/\/saborealapalma.es\/wp-content\/uploads\/2026\/04\/Feria_Insular_Gastronomia_w-1.jpg","width":848,"height":1200},{"@type":"BreadcrumbList","@id":"https:\/\/saborealapalma.es\/blog\/2026\/04\/29\/abrimos-el-plazo-de-inscripcion-para-participar-en-la-feria-insular-de-gastronomia-saborea-la-palma\/#breadcrumb","itemListElement":[{"@type":"ListItem","position":1,"name":"Portada","item":"https:\/\/saborealapalma.es\/"},{"@type":"ListItem","position":2,"name":"Abrimos el plazo de inscripci\u00f3n para participar en la Feria Insular de Gastronom\u00eda Saborea La Palma"}]},{"@type":"WebSite","@id":"https:\/\/saborealapalma.es\/#website","url":"https:\/\/saborealapalma.es\/","name":"Schmecken Sie La Palma","description":"Saborea La Palma ist das von der Sociedad de Promoci\u00f3n Econ\u00f3mica de La Palma (SODEPAL S.A.U.M.P), einem vom Cabildo Insular de La Palma abh\u00e4ngigen \u00f6ffentlichen Unternehmen, geleitete Projekt zur Aufwertung und Positionierung der Gastronomie La Palmas auf regionalen, nationalen und internationalen M\u00e4rkten.","potentialAction":[{"@type":"SearchAction","target":{"@type":"EntryPoint","urlTemplate":"https:\/\/saborealapalma.es\/?s={search_term_string}"},"query-input":{"@type":"PropertyValueSpecification","valueRequired":true,"valueName":"search_term_string"}}],"inLanguage":"de"},{"@type":"Person","@id":"https:\/\/saborealapalma.es\/#\/schema\/person\/5184c05828c0a459bbca73a6b4e6b4dc","name":"Schmecken Sie La Palma","url":"https:\/\/saborealapalma.es\/de\/blog\/author\/ivcabeza\/"}]}},"_links":{"self":[{"href":"https:\/\/saborealapalma.es\/de\/wp-json\/wp\/v2\/posts\/9259","targetHints":{"allow":["GET"]}}],"collection":[{"href":"https:\/\/saborealapalma.es\/de\/wp-json\/wp\/v2\/posts"}],"about":[{"href":"https:\/\/saborealapalma.es\/de\/wp-json\/wp\/v2\/types\/post"}],"author":[{"embeddable":true,"href":"https:\/\/saborealapalma.es\/de\/wp-json\/wp\/v2\/users\/4"}],"replies":[{"embeddable":true,"href":"https:\/\/saborealapalma.es\/de\/wp-json\/wp\/v2\/comments?post=9259"}],"version-history":[{"count":7,"href":"https:\/\/saborealapalma.es\/de\/wp-json\/wp\/v2\/posts\/9259\/revisions"}],"predecessor-version":[{"id":9267,"href":"https:\/\/saborealapalma.es\/de\/wp-json\/wp\/v2\/posts\/9259\/revisions\/9267"}],"wp:featuredmedia":[{"embeddable":true,"href":"https:\/\/saborealapalma.es\/de\/wp-json\/wp\/v2\/media\/9261"}],"wp:attachment":[{"href":"https:\/\/saborealapalma.es\/de\/wp-json\/wp\/v2\/media?parent=9259"}],"wp:term":[{"taxonomy":"category","embeddable":true,"href":"https:\/\/saborealapalma.es\/de\/wp-json\/wp\/v2\/categories?post=9259"},{"taxonomy":"post_tag","embeddable":true,"href":"https:\/\/saborealapalma.es\/de\/wp-json\/wp\/v2\/tags?post=9259"}],"curies":[{"name":"wp","href":"https:\/\/api.w.org\/{rel}","templated":true}]}}