{"id":3288,"date":"2022-06-30T14:46:42","date_gmt":"2022-06-30T13:46:42","guid":{"rendered":"http:\/\/saborealapalma.es\/?p=3288"},"modified":"2022-06-30T14:49:05","modified_gmt":"2022-06-30T13:49:05","slug":"vinos-palmeros-premiados-en-vinespana-2022","status":"publish","type":"post","link":"https:\/\/saborealapalma.es\/en\/blog\/2022\/06\/30\/vinos-palmeros-premiados-en-vinespana-2022\/","title":{"rendered":"Lidl promotes the palm product throughout Spain"},"content":{"rendered":"<div data-elementor-type=\"wp-post\" data-elementor-id=\"3288\" class=\"elementor elementor-3288\" data-elementor-post-type=\"post\">\n\t\t\t\t\t\t<section data-particle_enable=\"false\" data-particle-mobile-disabled=\"false\" class=\"elementor-section elementor-top-section elementor-element elementor-element-a643484 elementor-section-boxed elementor-section-height-default elementor-section-height-default parallax_section_no qode_elementor_container_no\" data-id=\"a643484\" data-element_type=\"section\" data-e-type=\"section\">\n\t\t\t\t\t\t<div class=\"elementor-container elementor-column-gap-default\">\n\t\t\t\t\t<div class=\"elementor-column elementor-col-100 elementor-top-column elementor-element elementor-element-f00bbf0\" data-id=\"f00bbf0\" data-element_type=\"column\" data-e-type=\"column\">\n\t\t\t<div class=\"elementor-widget-wrap elementor-element-populated\">\n\t\t\t\t\t\t<div class=\"elementor-element elementor-element-22cc4d3 elementor-widget elementor-widget-text-editor\" data-id=\"22cc4d3\" data-element_type=\"widget\" data-e-type=\"widget\" data-widget_type=\"text-editor.default\">\n\t\t\t\t<div class=\"elementor-widget-container\">\n\t\t\t\t\t\t\t\t\t<p align=\"justify\">The supermarket chain launched a package of measures following the eruption of the Cumbre volcano, including donations, food distribution, and special promotional campaigns for Palma products to reactivate the island's economy, as it did with the volcano banana, the manga palmera and now with Gara beer.<\/p><p>Over the next few days Lidl will become the best possible promotion for the agri-food sector in the Canary Islands. From this Thursday, the company will be making a wide variety of traditional products from the archipelago available to its customers throughout Spain, including mojos, cheeses, wines, sweets and local beers.<\/p><p>\u00a0<\/p><p>This campaign to promote Canary Island products, which is part of the supermarket chain's plan to support the island economy and especially the agricultural and livestock sector, will bring the most representative products of the islands to the more than 630 shops that the company has throughout Spain.<\/p><p>From 1 July, all Lidl shops on the mainland and the Balearic Islands will be offering their customers a Canary Island assortment selected from the 750 or so local items that the supermarket chain regularly stocks throughout the year on the islands, thanks to its close collaboration with more than a hundred local suppliers. Among them, the Gara craft beer stands out, brewed with water from La Palma, which gives it unique characteristics and is named after the aboriginal Canarian mythology that names Gara as the princess of water. The result is a beer with a very crystalline appearance, with an aroma that denotes a great presence of malt, with sweet touches reminiscent of honey and floral notes.<\/p><p>As the company's director on the islands, Luis Gonz\u00e1lez Garrido, recalls, \"Thanks to this campaign, the name of La Palma will be in every home on the mainland and the Balearic Islands and the whole of Spain will know the quality and variety of the products of our suppliers in the Canary Islands. In this way, we reaffirm our commitment to the island, where we have been present for 10 years and where we work to offer the best to our customers from our shops in Bre\u00f1a Alta and Los Llanos de Aridane and to promote local products beyond the archipelago\".<\/p><div title=\"Page 2\"><div><div><p>In addition to the Palmera beer, Lidl will bring to all its shops in Spain drinks such as rum honey or Canarius wines, from Bodegas Tajinaste, with the Canary Islands Denomination of Origin, in their dry white and semi-sweet white varieties, guava jam - ideal for desserts - and a selection of the best Canary Island cheeses, such as the semi-cured cheese with paprika from San Mateo, made in Gran Canaria and winner of the silver medal at the World Cheese Awards 2021, or the semi-cured smoked goat's cheese from Benijos, on the island of Tenerife. They will all share the limelight at Lidl's Canary Week with a variety of mojos, perfect for combining with potatoes, fish or cheese, such as the mild red mojo, the spicy red mojo and the green mojo.<\/p><\/div><\/div><\/div>\t\t\t\t\t\t\t\t<\/div>\n\t\t\t\t<\/div>\n\t\t\t\t\t<\/div>\n\t\t<\/div>\n\t\t\t\t\t<\/div>\n\t\t<\/section>\n\t\t\t\t<\/div>","protected":false},"excerpt":{"rendered":"<p>The supermarket chain launched a package of measures following the eruption of the Cumbre volcano, including donations, food distribution, and special campaigns to promote palm products to revive the island's economy, as it did with the volcano banana, the manga palmera or now, with...<\/p>","protected":false},"author":4,"featured_media":3293,"comment_status":"closed","ping_status":"closed","sticky":false,"template":"","format":"standard","meta":{"footnotes":""},"categories":[1,21],"tags":[],"class_list":["post-3288","post","type-post","status-publish","format-standard","has-post-thumbnail","hentry","category-blogsaborea","category-noticias-saborea"],"yoast_head":"<!-- This site is optimized with the Yoast SEO plugin v27.4 - https:\/\/yoast.com\/product\/yoast-seo-wordpress\/ -->\n<title>Lidl promociona el producto palmero en toda Espa\u00f1a - Saborea La Palma<\/title>\n<meta name=\"robots\" content=\"index, follow, max-snippet:-1, max-image-preview:large, max-video-preview:-1\" \/>\n<link rel=\"canonical\" href=\"https:\/\/saborealapalma.es\/en\/blog\/2022\/06\/30\/vinos-palmeros-premiados-en-vinespana-2022\/\" \/>\n<meta property=\"og:locale\" content=\"en_GB\" \/>\n<meta property=\"og:type\" content=\"article\" \/>\n<meta property=\"og:title\" content=\"Lidl promociona el producto palmero en toda Espa\u00f1a - Saborea La Palma\" \/>\n<meta property=\"og:description\" content=\"La cadena de supermercados puso en marcha un paquete de medidas tras la erupci\u00f3n del volc\u00e1n de Cumbre que incluye donaciones, reparto de alimentos, y campa\u00f1as especiales de promoci\u00f3n de art\u00edculos palmeros para reactivar la econom\u00eda isle\u00f1a como hizo con el pl\u00e1tano del volc\u00e1n, la manga palmera o ahora, con...\" \/>\n<meta property=\"og:url\" content=\"https:\/\/saborealapalma.es\/en\/blog\/2022\/06\/30\/vinos-palmeros-premiados-en-vinespana-2022\/\" \/>\n<meta property=\"og:site_name\" content=\"Saborea La Palma\" \/>\n<meta property=\"article:published_time\" content=\"2022-06-30T13:46:42+00:00\" \/>\n<meta property=\"article:modified_time\" content=\"2022-06-30T13:49:05+00:00\" \/>\n<meta property=\"og:image\" content=\"https:\/\/saborealapalma.es\/wp-content\/uploads\/2022\/06\/Cerveza-Gara-696x914-2.jpg\" \/>\n\t<meta property=\"og:image:width\" content=\"696\" \/>\n\t<meta property=\"og:image:height\" content=\"712\" \/>\n\t<meta property=\"og:image:type\" content=\"image\/jpeg\" \/>\n<meta name=\"author\" content=\"Saborea La Palma\" \/>\n<meta name=\"twitter:card\" content=\"summary_large_image\" \/>\n<meta name=\"twitter:label1\" content=\"Written by\" \/>\n\t<meta name=\"twitter:data1\" content=\"Saborea La Palma\" \/>\n\t<meta name=\"twitter:label2\" content=\"Estimated reading time\" \/>\n\t<meta name=\"twitter:data2\" content=\"3 minutes\" \/>\n<script type=\"application\/ld+json\" class=\"yoast-schema-graph\">{\"@context\":\"https:\\\/\\\/schema.org\",\"@graph\":[{\"@type\":\"Article\",\"@id\":\"https:\\\/\\\/saborealapalma.es\\\/blog\\\/2022\\\/06\\\/30\\\/vinos-palmeros-premiados-en-vinespana-2022\\\/#article\",\"isPartOf\":{\"@id\":\"https:\\\/\\\/saborealapalma.es\\\/blog\\\/2022\\\/06\\\/30\\\/vinos-palmeros-premiados-en-vinespana-2022\\\/\"},\"author\":{\"name\":\"Saborea La Palma\",\"@id\":\"https:\\\/\\\/saborealapalma.es\\\/#\\\/schema\\\/person\\\/5184c05828c0a459bbca73a6b4e6b4dc\"},\"headline\":\"Lidl promociona el producto palmero en toda Espa\u00f1a\",\"datePublished\":\"2022-06-30T13:46:42+00:00\",\"dateModified\":\"2022-06-30T13:49:05+00:00\",\"mainEntityOfPage\":{\"@id\":\"https:\\\/\\\/saborealapalma.es\\\/blog\\\/2022\\\/06\\\/30\\\/vinos-palmeros-premiados-en-vinespana-2022\\\/\"},\"wordCount\":568,\"image\":{\"@id\":\"https:\\\/\\\/saborealapalma.es\\\/blog\\\/2022\\\/06\\\/30\\\/vinos-palmeros-premiados-en-vinespana-2022\\\/#primaryimage\"},\"thumbnailUrl\":\"https:\\\/\\\/saborealapalma.es\\\/wp-content\\\/uploads\\\/2022\\\/06\\\/Cerveza-Gara-696x914-2.jpg\",\"articleSection\":[\"Blog Saborea\",\"Noticias Saborea\"],\"inLanguage\":\"en-GB\"},{\"@type\":\"WebPage\",\"@id\":\"https:\\\/\\\/saborealapalma.es\\\/blog\\\/2022\\\/06\\\/30\\\/vinos-palmeros-premiados-en-vinespana-2022\\\/\",\"url\":\"https:\\\/\\\/saborealapalma.es\\\/blog\\\/2022\\\/06\\\/30\\\/vinos-palmeros-premiados-en-vinespana-2022\\\/\",\"name\":\"Lidl promociona el producto palmero en toda Espa\u00f1a - Saborea La Palma\",\"isPartOf\":{\"@id\":\"https:\\\/\\\/saborealapalma.es\\\/#website\"},\"primaryImageOfPage\":{\"@id\":\"https:\\\/\\\/saborealapalma.es\\\/blog\\\/2022\\\/06\\\/30\\\/vinos-palmeros-premiados-en-vinespana-2022\\\/#primaryimage\"},\"image\":{\"@id\":\"https:\\\/\\\/saborealapalma.es\\\/blog\\\/2022\\\/06\\\/30\\\/vinos-palmeros-premiados-en-vinespana-2022\\\/#primaryimage\"},\"thumbnailUrl\":\"https:\\\/\\\/saborealapalma.es\\\/wp-content\\\/uploads\\\/2022\\\/06\\\/Cerveza-Gara-696x914-2.jpg\",\"datePublished\":\"2022-06-30T13:46:42+00:00\",\"dateModified\":\"2022-06-30T13:49:05+00:00\",\"author\":{\"@id\":\"https:\\\/\\\/saborealapalma.es\\\/#\\\/schema\\\/person\\\/5184c05828c0a459bbca73a6b4e6b4dc\"},\"breadcrumb\":{\"@id\":\"https:\\\/\\\/saborealapalma.es\\\/blog\\\/2022\\\/06\\\/30\\\/vinos-palmeros-premiados-en-vinespana-2022\\\/#breadcrumb\"},\"inLanguage\":\"en-GB\",\"potentialAction\":[{\"@type\":\"ReadAction\",\"target\":[\"https:\\\/\\\/saborealapalma.es\\\/blog\\\/2022\\\/06\\\/30\\\/vinos-palmeros-premiados-en-vinespana-2022\\\/\"]}]},{\"@type\":\"ImageObject\",\"inLanguage\":\"en-GB\",\"@id\":\"https:\\\/\\\/saborealapalma.es\\\/blog\\\/2022\\\/06\\\/30\\\/vinos-palmeros-premiados-en-vinespana-2022\\\/#primaryimage\",\"url\":\"https:\\\/\\\/saborealapalma.es\\\/wp-content\\\/uploads\\\/2022\\\/06\\\/Cerveza-Gara-696x914-2.jpg\",\"contentUrl\":\"https:\\\/\\\/saborealapalma.es\\\/wp-content\\\/uploads\\\/2022\\\/06\\\/Cerveza-Gara-696x914-2.jpg\",\"width\":696,\"height\":712},{\"@type\":\"BreadcrumbList\",\"@id\":\"https:\\\/\\\/saborealapalma.es\\\/blog\\\/2022\\\/06\\\/30\\\/vinos-palmeros-premiados-en-vinespana-2022\\\/#breadcrumb\",\"itemListElement\":[{\"@type\":\"ListItem\",\"position\":1,\"name\":\"Portada\",\"item\":\"https:\\\/\\\/saborealapalma.es\\\/\"},{\"@type\":\"ListItem\",\"position\":2,\"name\":\"Lidl promociona el producto palmero en toda Espa\u00f1a\"}]},{\"@type\":\"WebSite\",\"@id\":\"https:\\\/\\\/saborealapalma.es\\\/#website\",\"url\":\"https:\\\/\\\/saborealapalma.es\\\/\",\"name\":\"Saborea La Palma\",\"description\":\"Saborea La Palma es el proyecto que lidera la Sociedad de Promoci\u00f3n Econ\u00f3mica de La Palma (SODEPAL S.A.U.M.P), empresa p\u00fablica dependiente de Cabildo Insular de La Palma, para la revalorizaci\u00f3n y el posicionamiento de la gastronom\u00eda palmera en los mercados regionales, nacionales e internacionales.\",\"potentialAction\":[{\"@type\":\"SearchAction\",\"target\":{\"@type\":\"EntryPoint\",\"urlTemplate\":\"https:\\\/\\\/saborealapalma.es\\\/?s={search_term_string}\"},\"query-input\":{\"@type\":\"PropertyValueSpecification\",\"valueRequired\":true,\"valueName\":\"search_term_string\"}}],\"inLanguage\":\"en-GB\"},{\"@type\":\"Person\",\"@id\":\"https:\\\/\\\/saborealapalma.es\\\/#\\\/schema\\\/person\\\/5184c05828c0a459bbca73a6b4e6b4dc\",\"name\":\"Saborea La Palma\",\"url\":\"https:\\\/\\\/saborealapalma.es\\\/en\\\/blog\\\/author\\\/ivcabeza\\\/\"}]}<\/script>\n<!-- \/ Yoast SEO plugin. -->","yoast_head_json":{"title":"Lidl promociona el producto palmero en toda Espa\u00f1a - Saborea La Palma","robots":{"index":"index","follow":"follow","max-snippet":"max-snippet:-1","max-image-preview":"max-image-preview:large","max-video-preview":"max-video-preview:-1"},"canonical":"https:\/\/saborealapalma.es\/en\/blog\/2022\/06\/30\/vinos-palmeros-premiados-en-vinespana-2022\/","og_locale":"en_GB","og_type":"article","og_title":"Lidl promociona el producto palmero en toda Espa\u00f1a - Saborea La Palma","og_description":"La cadena de supermercados puso en marcha un paquete de medidas tras la erupci\u00f3n del volc\u00e1n de Cumbre que incluye donaciones, reparto de alimentos, y campa\u00f1as especiales de promoci\u00f3n de art\u00edculos palmeros para reactivar la econom\u00eda isle\u00f1a como hizo con el pl\u00e1tano del volc\u00e1n, la manga palmera o ahora, con...","og_url":"https:\/\/saborealapalma.es\/en\/blog\/2022\/06\/30\/vinos-palmeros-premiados-en-vinespana-2022\/","og_site_name":"Saborea La Palma","article_published_time":"2022-06-30T13:46:42+00:00","article_modified_time":"2022-06-30T13:49:05+00:00","og_image":[{"width":696,"height":712,"url":"https:\/\/saborealapalma.es\/wp-content\/uploads\/2022\/06\/Cerveza-Gara-696x914-2.jpg","type":"image\/jpeg"}],"author":"Saborea La Palma","twitter_card":"summary_large_image","twitter_misc":{"Written by":"Saborea La Palma","Estimated reading time":"3 minutes"},"schema":{"@context":"https:\/\/schema.org","@graph":[{"@type":"Article","@id":"https:\/\/saborealapalma.es\/blog\/2022\/06\/30\/vinos-palmeros-premiados-en-vinespana-2022\/#article","isPartOf":{"@id":"https:\/\/saborealapalma.es\/blog\/2022\/06\/30\/vinos-palmeros-premiados-en-vinespana-2022\/"},"author":{"name":"Saborea La Palma","@id":"https:\/\/saborealapalma.es\/#\/schema\/person\/5184c05828c0a459bbca73a6b4e6b4dc"},"headline":"Lidl promociona el producto palmero en toda Espa\u00f1a","datePublished":"2022-06-30T13:46:42+00:00","dateModified":"2022-06-30T13:49:05+00:00","mainEntityOfPage":{"@id":"https:\/\/saborealapalma.es\/blog\/2022\/06\/30\/vinos-palmeros-premiados-en-vinespana-2022\/"},"wordCount":568,"image":{"@id":"https:\/\/saborealapalma.es\/blog\/2022\/06\/30\/vinos-palmeros-premiados-en-vinespana-2022\/#primaryimage"},"thumbnailUrl":"https:\/\/saborealapalma.es\/wp-content\/uploads\/2022\/06\/Cerveza-Gara-696x914-2.jpg","articleSection":["Blog Saborea","Noticias Saborea"],"inLanguage":"en-GB"},{"@type":"WebPage","@id":"https:\/\/saborealapalma.es\/blog\/2022\/06\/30\/vinos-palmeros-premiados-en-vinespana-2022\/","url":"https:\/\/saborealapalma.es\/blog\/2022\/06\/30\/vinos-palmeros-premiados-en-vinespana-2022\/","name":"Lidl promociona el producto palmero en toda Espa\u00f1a - Saborea La Palma","isPartOf":{"@id":"https:\/\/saborealapalma.es\/#website"},"primaryImageOfPage":{"@id":"https:\/\/saborealapalma.es\/blog\/2022\/06\/30\/vinos-palmeros-premiados-en-vinespana-2022\/#primaryimage"},"image":{"@id":"https:\/\/saborealapalma.es\/blog\/2022\/06\/30\/vinos-palmeros-premiados-en-vinespana-2022\/#primaryimage"},"thumbnailUrl":"https:\/\/saborealapalma.es\/wp-content\/uploads\/2022\/06\/Cerveza-Gara-696x914-2.jpg","datePublished":"2022-06-30T13:46:42+00:00","dateModified":"2022-06-30T13:49:05+00:00","author":{"@id":"https:\/\/saborealapalma.es\/#\/schema\/person\/5184c05828c0a459bbca73a6b4e6b4dc"},"breadcrumb":{"@id":"https:\/\/saborealapalma.es\/blog\/2022\/06\/30\/vinos-palmeros-premiados-en-vinespana-2022\/#breadcrumb"},"inLanguage":"en-GB","potentialAction":[{"@type":"ReadAction","target":["https:\/\/saborealapalma.es\/blog\/2022\/06\/30\/vinos-palmeros-premiados-en-vinespana-2022\/"]}]},{"@type":"ImageObject","inLanguage":"en-GB","@id":"https:\/\/saborealapalma.es\/blog\/2022\/06\/30\/vinos-palmeros-premiados-en-vinespana-2022\/#primaryimage","url":"https:\/\/saborealapalma.es\/wp-content\/uploads\/2022\/06\/Cerveza-Gara-696x914-2.jpg","contentUrl":"https:\/\/saborealapalma.es\/wp-content\/uploads\/2022\/06\/Cerveza-Gara-696x914-2.jpg","width":696,"height":712},{"@type":"BreadcrumbList","@id":"https:\/\/saborealapalma.es\/blog\/2022\/06\/30\/vinos-palmeros-premiados-en-vinespana-2022\/#breadcrumb","itemListElement":[{"@type":"ListItem","position":1,"name":"Portada","item":"https:\/\/saborealapalma.es\/"},{"@type":"ListItem","position":2,"name":"Lidl promociona el producto palmero en toda Espa\u00f1a"}]},{"@type":"WebSite","@id":"https:\/\/saborealapalma.es\/#website","url":"https:\/\/saborealapalma.es\/","name":"Taste La Palma","description":"Saborea La Palma is the project led by the Sociedad de Promoci\u00f3n Econ\u00f3mica de La Palma (SODEPAL S.A.U.M.P), a public company dependent on the Cabildo Insular de La Palma, for the revaluation and positioning of La Palma's gastronomy in regional, national and international markets.","potentialAction":[{"@type":"SearchAction","target":{"@type":"EntryPoint","urlTemplate":"https:\/\/saborealapalma.es\/?s={search_term_string}"},"query-input":{"@type":"PropertyValueSpecification","valueRequired":true,"valueName":"search_term_string"}}],"inLanguage":"en-GB"},{"@type":"Person","@id":"https:\/\/saborealapalma.es\/#\/schema\/person\/5184c05828c0a459bbca73a6b4e6b4dc","name":"Taste La Palma","url":"https:\/\/saborealapalma.es\/en\/blog\/author\/ivcabeza\/"}]}},"_links":{"self":[{"href":"https:\/\/saborealapalma.es\/en\/wp-json\/wp\/v2\/posts\/3288","targetHints":{"allow":["GET"]}}],"collection":[{"href":"https:\/\/saborealapalma.es\/en\/wp-json\/wp\/v2\/posts"}],"about":[{"href":"https:\/\/saborealapalma.es\/en\/wp-json\/wp\/v2\/types\/post"}],"author":[{"embeddable":true,"href":"https:\/\/saborealapalma.es\/en\/wp-json\/wp\/v2\/users\/4"}],"replies":[{"embeddable":true,"href":"https:\/\/saborealapalma.es\/en\/wp-json\/wp\/v2\/comments?post=3288"}],"version-history":[{"count":0,"href":"https:\/\/saborealapalma.es\/en\/wp-json\/wp\/v2\/posts\/3288\/revisions"}],"wp:featuredmedia":[{"embeddable":true,"href":"https:\/\/saborealapalma.es\/en\/wp-json\/wp\/v2\/media\/3293"}],"wp:attachment":[{"href":"https:\/\/saborealapalma.es\/en\/wp-json\/wp\/v2\/media?parent=3288"}],"wp:term":[{"taxonomy":"category","embeddable":true,"href":"https:\/\/saborealapalma.es\/en\/wp-json\/wp\/v2\/categories?post=3288"},{"taxonomy":"post_tag","embeddable":true,"href":"https:\/\/saborealapalma.es\/en\/wp-json\/wp\/v2\/tags?post=3288"}],"curies":[{"name":"wp","href":"https:\/\/api.w.org\/{rel}","templated":true}]}}