{"id":3422,"date":"2022-07-26T08:59:27","date_gmt":"2022-07-26T07:59:27","guid":{"rendered":"http:\/\/saborealapalma.es\/?p=3422"},"modified":"2022-07-26T09:17:07","modified_gmt":"2022-07-26T08:17:07","slug":"chiringuito-tropical-te-acerca-a-mariana-hernandez-una-de-las-grandes","status":"publish","type":"post","link":"https:\/\/saborealapalma.es\/en\/blog\/2022\/07\/26\/chiringuito-tropical-te-acerca-a-mariana-hernandez-una-de-las-grandes\/","title":{"rendered":"The legacy of the volcanic vineyard"},"content":{"rendered":"<div data-elementor-type=\"wp-post\" data-elementor-id=\"3422\" class=\"elementor elementor-3422\" data-elementor-post-type=\"post\">\n\t\t\t\t\t\t<section data-particle_enable=\"false\" data-particle-mobile-disabled=\"false\" class=\"elementor-section elementor-top-section elementor-element elementor-element-34cd852 elementor-section-boxed elementor-section-height-default elementor-section-height-default parallax_section_no qode_elementor_container_no\" data-id=\"34cd852\" data-element_type=\"section\" data-e-type=\"section\">\n\t\t\t\t\t\t<div class=\"elementor-container elementor-column-gap-default\">\n\t\t\t\t\t<div class=\"elementor-column elementor-col-100 elementor-top-column elementor-element elementor-element-e364118\" data-id=\"e364118\" data-element_type=\"column\" data-e-type=\"column\">\n\t\t\t<div class=\"elementor-widget-wrap elementor-element-populated\">\n\t\t\t\t\t\t<div class=\"elementor-element elementor-element-e3f0d83 elementor-widget elementor-widget-text-editor\" data-id=\"e3f0d83\" data-element_type=\"widget\" data-e-type=\"widget\" data-widget_type=\"text-editor.default\">\n\t\t\t\t<div class=\"elementor-widget-container\">\n\t\t\t\t\t\t\t\t\t<p><strong>FREE TRAINING AND EMPLOYMENT PROGRAMME IN THE WINE SECTOR IN FUENCALIENTE, ISLAND OF LA PALMA.<\/strong><\/p>\n<p><span style=\"color: #bc0723;\"><strong>DURATION:<\/strong><\/span><br>\n16 August to 2 December.<\/p>\n<p><span style=\"color: #bc0723;\"><strong>SCHEDULES:<\/strong><\/span><br>\nUntil 29 July through the&nbsp;<a href=\"https:\/\/docs.google.com\/forms\/d\/e\/1FAIpQLSd5YJ4NNMrZOh5-1WD4DIP8_rXibOLAgAcs1KCakj2MJ5jWSg\/viewform\" target=\"_blank\" rel=\"noopener\">contact form<\/a>.<\/p>\n<p><span style=\"color: #bc0723;\"><strong>DRAFT:<\/strong><\/span><br>\nLlanovid SCL is the base engine of the project and has had the collaboration of the Cabildo Insular de la Palma and the Direcci\u00f3n General de Agricultura de la Consejer\u00eda de Agricultura, Ganader\u00eda y Pesca del Gobierno de Canarias (General Directorate of Agriculture of the Ministry of Agriculture, Livestock and Fisheries of the Canary Islands Government).<br>\nThe project has been supported by the Fuencaliente Town Council and the Regulatory Council of the Denomination of Origin of La Palma Wines.<br>\nThis project is funded by the Emplea Verde programme of Fundaci\u00f3n Biodiversidad, with the support of the Ministry for Ecological Transition and the Demographic Challenge and co-financed by the European Social Fund.<\/p>\n<span style=\"color: #bc0723;\"><strong>WHO IT IS FOR:<\/strong><\/span><br\/>\n<ol style=\"margin-top:0;padding-top:0;\">\n<li>Unemployed persons.<\/li>\n<li>Registered in the Canary Islands.<\/li>\n<li>Who want to be part of a qualified professional team, live an immersive training experience with the possibility of accommodation and food on the island, getting involved with the natural and environmental heritage, helping to increase the life expectancy of the vineyard and getting mentoring from the winegrowers of the area.<\/li>\n<\/ol>\n<p><span style=\"color: #bc0723;\"><strong>1. SPECIFIC TRAINING FOR THE OPERATION OF THE INTEGRAL CYCLE OF THE WINE-GROWING OPERATION - 275 CLASSROOM HOURS..:<\/strong><\/span><br>\nM1: Viticulture.<br>\nM2: Vineyard planting.<br>\nM3: Pruning and green pruning.<br>\nM4: Plant protection.<\/p>\n<p><span style=\"color: #bc0723;\"><strong>2. SECTOR SINGULARITIES IN THE ENVIRONMENT AND ECO-AGRICULTURE - 50 HOURS FACE-TO-FACE AND 30 HOURS ONLINE:<\/strong><\/span><br>\nM1: Viticulture.<br>\nM2: Vineyard planting.<br>\nM3: Pruning and green pruning.<br>\nM4: Plant protection.<\/p>\n<p><span style=\"color: #bc0723;\"><strong>3. WINE BUSINESS MANAGEMENT - 50 HOURS FACE-TO-FACE AND 25 HOURS ONLINE:<\/strong><\/span><br>\nM1: Legal forms in the agricultural sector.<br>\nM2: Wine cellars.<br>\nM3: Eco-Enotourism.<br>\nM4: Commercialisation.<\/p>\n<p><span style=\"color: #bc0723;\"><strong>4. ACCOMPANIMENTS FOR THE LABOUR INSERTION OF THE SPECIFIC TRAINING - 30 CLASSROOM HOURS AND 20 ONLINE HOURS:<\/strong><\/span><br>\n<strong>Methodology:&nbsp;<\/strong>Mentor Model. The mentors are local farmers who are active in the wine-growing activities in the region. They are potential employers who will accompany the participants.<\/p>\n<p><span style=\"color: #bc0723;\"><strong>5. ACCOMPANIMENT FOR LABOUR MARKET INTEGRATION IN WINE BUSINESS MANAGEMENT - 30 HOURS ON SITE AND 20 HOURS ONLINE:<\/strong><\/span><br>\n<strong>Methodology:&nbsp;<\/strong>Mentor Model. In this case, it will be the local winemakers who will do the mentoring. They have the opportunity to observe 'in situ' the performance of the participants and remove barriers of mistrust, increasing the chances of recruitment.<\/p>\n<p><span style=\"color: #bc0723;\"><strong>Duration:<\/strong><\/span>&nbsp;6.5 hours\/session per day, on La Palma, mainly in Fuencaliente.<\/p>\t\t\t\t\t\t\t\t<\/div>\n\t\t\t\t<\/div>\n\t\t\t\t\t<\/div>\n\t\t<\/div>\n\t\t\t\t\t<\/div>\n\t\t<\/section>\n\t\t\t\t<\/div>","protected":false},"excerpt":{"rendered":"<p>FREE TRAINING AND EMPLOYMENT PROGRAMME IN THE WINE SECTOR IN FUENCALIENTE, ISLAND OF LA PALMA. DURATION: 16th August to 2nd December. SCHEDULES: Until 29th July through the contact form. PROJECT: Llanovid SCL is the driving force behind the project and has had the collaboration of the...<\/p>","protected":false},"author":4,"featured_media":3423,"comment_status":"closed","ping_status":"closed","sticky":false,"template":"","format":"standard","meta":{"footnotes":""},"categories":[1,21],"tags":[],"class_list":["post-3422","post","type-post","status-publish","format-standard","has-post-thumbnail","hentry","category-blogsaborea","category-noticias-saborea"],"yoast_head":"<!-- This site is optimized with the Yoast SEO plugin v27.4 - https:\/\/yoast.com\/product\/yoast-seo-wordpress\/ -->\n<title>El legado del vi\u00f1edo volc\u00e1nico - Saborea La Palma<\/title>\n<meta name=\"robots\" content=\"index, follow, max-snippet:-1, max-image-preview:large, max-video-preview:-1\" \/>\n<link rel=\"canonical\" href=\"https:\/\/saborealapalma.es\/en\/blog\/2022\/07\/26\/chiringuito-tropical-te-acerca-a-mariana-hernandez-una-de-las-grandes\/\" \/>\n<meta property=\"og:locale\" content=\"en_GB\" \/>\n<meta property=\"og:type\" content=\"article\" \/>\n<meta property=\"og:title\" content=\"El legado del vi\u00f1edo volc\u00e1nico - Saborea La Palma\" \/>\n<meta property=\"og:description\" content=\"PROGRAMA GRATUITO FORMATIVO Y DE EMPLEO DEL SECTOR VIT\u00cdCOLA EN FUENCALIENTE, ISLA DE LA PALMA. DURACI\u00d3N: 16 de Agosto a 2 de Diciembre. HORARIOS: Hasta el 29 de julio a trav\u00e9s del&nbsp;formulario de contacto. PROYECTO: Llanovid SCL es el motor base del proyecto y ha contado con la colaboraci\u00f3n del...\" \/>\n<meta property=\"og:url\" content=\"https:\/\/saborealapalma.es\/en\/blog\/2022\/07\/26\/chiringuito-tropical-te-acerca-a-mariana-hernandez-una-de-las-grandes\/\" \/>\n<meta property=\"og:site_name\" content=\"Saborea La Palma\" \/>\n<meta property=\"article:published_time\" content=\"2022-07-26T07:59:27+00:00\" \/>\n<meta property=\"article:modified_time\" content=\"2022-07-26T08:17:07+00:00\" \/>\n<meta property=\"og:image\" content=\"https:\/\/saborealapalma.es\/wp-content\/uploads\/2022\/07\/vinedo_volcanico2.jpg\" \/>\n\t<meta property=\"og:image:width\" content=\"974\" \/>\n\t<meta property=\"og:image:height\" content=\"650\" \/>\n\t<meta property=\"og:image:type\" content=\"image\/jpeg\" \/>\n<meta name=\"author\" content=\"Saborea La Palma\" \/>\n<meta name=\"twitter:card\" content=\"summary_large_image\" \/>\n<meta name=\"twitter:label1\" content=\"Written by\" \/>\n\t<meta name=\"twitter:data1\" content=\"Saborea La Palma\" \/>\n\t<meta name=\"twitter:label2\" content=\"Estimated reading time\" \/>\n\t<meta name=\"twitter:data2\" content=\"2 minutes\" \/>\n<script type=\"application\/ld+json\" class=\"yoast-schema-graph\">{\"@context\":\"https:\\\/\\\/schema.org\",\"@graph\":[{\"@type\":\"Article\",\"@id\":\"https:\\\/\\\/saborealapalma.es\\\/blog\\\/2022\\\/07\\\/26\\\/chiringuito-tropical-te-acerca-a-mariana-hernandez-una-de-las-grandes\\\/#article\",\"isPartOf\":{\"@id\":\"https:\\\/\\\/saborealapalma.es\\\/blog\\\/2022\\\/07\\\/26\\\/chiringuito-tropical-te-acerca-a-mariana-hernandez-una-de-las-grandes\\\/\"},\"author\":{\"name\":\"Saborea La Palma\",\"@id\":\"https:\\\/\\\/saborealapalma.es\\\/#\\\/schema\\\/person\\\/5184c05828c0a459bbca73a6b4e6b4dc\"},\"headline\":\"El legado del vi\u00f1edo volc\u00e1nico\",\"datePublished\":\"2022-07-26T07:59:27+00:00\",\"dateModified\":\"2022-07-26T08:17:07+00:00\",\"mainEntityOfPage\":{\"@id\":\"https:\\\/\\\/saborealapalma.es\\\/blog\\\/2022\\\/07\\\/26\\\/chiringuito-tropical-te-acerca-a-mariana-hernandez-una-de-las-grandes\\\/\"},\"wordCount\":449,\"image\":{\"@id\":\"https:\\\/\\\/saborealapalma.es\\\/blog\\\/2022\\\/07\\\/26\\\/chiringuito-tropical-te-acerca-a-mariana-hernandez-una-de-las-grandes\\\/#primaryimage\"},\"thumbnailUrl\":\"https:\\\/\\\/saborealapalma.es\\\/wp-content\\\/uploads\\\/2022\\\/07\\\/vinedo_volcanico2.jpg\",\"articleSection\":[\"Blog Saborea\",\"Noticias Saborea\"],\"inLanguage\":\"en-GB\"},{\"@type\":\"WebPage\",\"@id\":\"https:\\\/\\\/saborealapalma.es\\\/blog\\\/2022\\\/07\\\/26\\\/chiringuito-tropical-te-acerca-a-mariana-hernandez-una-de-las-grandes\\\/\",\"url\":\"https:\\\/\\\/saborealapalma.es\\\/blog\\\/2022\\\/07\\\/26\\\/chiringuito-tropical-te-acerca-a-mariana-hernandez-una-de-las-grandes\\\/\",\"name\":\"El legado del vi\u00f1edo volc\u00e1nico - Saborea La Palma\",\"isPartOf\":{\"@id\":\"https:\\\/\\\/saborealapalma.es\\\/#website\"},\"primaryImageOfPage\":{\"@id\":\"https:\\\/\\\/saborealapalma.es\\\/blog\\\/2022\\\/07\\\/26\\\/chiringuito-tropical-te-acerca-a-mariana-hernandez-una-de-las-grandes\\\/#primaryimage\"},\"image\":{\"@id\":\"https:\\\/\\\/saborealapalma.es\\\/blog\\\/2022\\\/07\\\/26\\\/chiringuito-tropical-te-acerca-a-mariana-hernandez-una-de-las-grandes\\\/#primaryimage\"},\"thumbnailUrl\":\"https:\\\/\\\/saborealapalma.es\\\/wp-content\\\/uploads\\\/2022\\\/07\\\/vinedo_volcanico2.jpg\",\"datePublished\":\"2022-07-26T07:59:27+00:00\",\"dateModified\":\"2022-07-26T08:17:07+00:00\",\"author\":{\"@id\":\"https:\\\/\\\/saborealapalma.es\\\/#\\\/schema\\\/person\\\/5184c05828c0a459bbca73a6b4e6b4dc\"},\"breadcrumb\":{\"@id\":\"https:\\\/\\\/saborealapalma.es\\\/blog\\\/2022\\\/07\\\/26\\\/chiringuito-tropical-te-acerca-a-mariana-hernandez-una-de-las-grandes\\\/#breadcrumb\"},\"inLanguage\":\"en-GB\",\"potentialAction\":[{\"@type\":\"ReadAction\",\"target\":[\"https:\\\/\\\/saborealapalma.es\\\/blog\\\/2022\\\/07\\\/26\\\/chiringuito-tropical-te-acerca-a-mariana-hernandez-una-de-las-grandes\\\/\"]}]},{\"@type\":\"ImageObject\",\"inLanguage\":\"en-GB\",\"@id\":\"https:\\\/\\\/saborealapalma.es\\\/blog\\\/2022\\\/07\\\/26\\\/chiringuito-tropical-te-acerca-a-mariana-hernandez-una-de-las-grandes\\\/#primaryimage\",\"url\":\"https:\\\/\\\/saborealapalma.es\\\/wp-content\\\/uploads\\\/2022\\\/07\\\/vinedo_volcanico2.jpg\",\"contentUrl\":\"https:\\\/\\\/saborealapalma.es\\\/wp-content\\\/uploads\\\/2022\\\/07\\\/vinedo_volcanico2.jpg\",\"width\":974,\"height\":650},{\"@type\":\"BreadcrumbList\",\"@id\":\"https:\\\/\\\/saborealapalma.es\\\/blog\\\/2022\\\/07\\\/26\\\/chiringuito-tropical-te-acerca-a-mariana-hernandez-una-de-las-grandes\\\/#breadcrumb\",\"itemListElement\":[{\"@type\":\"ListItem\",\"position\":1,\"name\":\"Portada\",\"item\":\"https:\\\/\\\/saborealapalma.es\\\/\"},{\"@type\":\"ListItem\",\"position\":2,\"name\":\"El legado del vi\u00f1edo volc\u00e1nico\"}]},{\"@type\":\"WebSite\",\"@id\":\"https:\\\/\\\/saborealapalma.es\\\/#website\",\"url\":\"https:\\\/\\\/saborealapalma.es\\\/\",\"name\":\"Saborea La Palma\",\"description\":\"Saborea La Palma es el proyecto que lidera la Sociedad de Promoci\u00f3n Econ\u00f3mica de La Palma (SODEPAL S.A.U.M.P), empresa p\u00fablica dependiente de Cabildo Insular de La Palma, para la revalorizaci\u00f3n y el posicionamiento de la gastronom\u00eda palmera en los mercados regionales, nacionales e internacionales.\",\"potentialAction\":[{\"@type\":\"SearchAction\",\"target\":{\"@type\":\"EntryPoint\",\"urlTemplate\":\"https:\\\/\\\/saborealapalma.es\\\/?s={search_term_string}\"},\"query-input\":{\"@type\":\"PropertyValueSpecification\",\"valueRequired\":true,\"valueName\":\"search_term_string\"}}],\"inLanguage\":\"en-GB\"},{\"@type\":\"Person\",\"@id\":\"https:\\\/\\\/saborealapalma.es\\\/#\\\/schema\\\/person\\\/5184c05828c0a459bbca73a6b4e6b4dc\",\"name\":\"Saborea La Palma\",\"url\":\"https:\\\/\\\/saborealapalma.es\\\/en\\\/blog\\\/author\\\/ivcabeza\\\/\"}]}<\/script>\n<!-- \/ Yoast SEO plugin. -->","yoast_head_json":{"title":"El legado del vi\u00f1edo volc\u00e1nico - Saborea La Palma","robots":{"index":"index","follow":"follow","max-snippet":"max-snippet:-1","max-image-preview":"max-image-preview:large","max-video-preview":"max-video-preview:-1"},"canonical":"https:\/\/saborealapalma.es\/en\/blog\/2022\/07\/26\/chiringuito-tropical-te-acerca-a-mariana-hernandez-una-de-las-grandes\/","og_locale":"en_GB","og_type":"article","og_title":"El legado del vi\u00f1edo volc\u00e1nico - Saborea La Palma","og_description":"PROGRAMA GRATUITO FORMATIVO Y DE EMPLEO DEL SECTOR VIT\u00cdCOLA EN FUENCALIENTE, ISLA DE LA PALMA. DURACI\u00d3N: 16 de Agosto a 2 de Diciembre. HORARIOS: Hasta el 29 de julio a trav\u00e9s del&nbsp;formulario de contacto. PROYECTO: Llanovid SCL es el motor base del proyecto y ha contado con la colaboraci\u00f3n del...","og_url":"https:\/\/saborealapalma.es\/en\/blog\/2022\/07\/26\/chiringuito-tropical-te-acerca-a-mariana-hernandez-una-de-las-grandes\/","og_site_name":"Saborea La Palma","article_published_time":"2022-07-26T07:59:27+00:00","article_modified_time":"2022-07-26T08:17:07+00:00","og_image":[{"width":974,"height":650,"url":"https:\/\/saborealapalma.es\/wp-content\/uploads\/2022\/07\/vinedo_volcanico2.jpg","type":"image\/jpeg"}],"author":"Saborea La Palma","twitter_card":"summary_large_image","twitter_misc":{"Written by":"Saborea La Palma","Estimated reading time":"2 minutes"},"schema":{"@context":"https:\/\/schema.org","@graph":[{"@type":"Article","@id":"https:\/\/saborealapalma.es\/blog\/2022\/07\/26\/chiringuito-tropical-te-acerca-a-mariana-hernandez-una-de-las-grandes\/#article","isPartOf":{"@id":"https:\/\/saborealapalma.es\/blog\/2022\/07\/26\/chiringuito-tropical-te-acerca-a-mariana-hernandez-una-de-las-grandes\/"},"author":{"name":"Saborea La Palma","@id":"https:\/\/saborealapalma.es\/#\/schema\/person\/5184c05828c0a459bbca73a6b4e6b4dc"},"headline":"El legado del vi\u00f1edo volc\u00e1nico","datePublished":"2022-07-26T07:59:27+00:00","dateModified":"2022-07-26T08:17:07+00:00","mainEntityOfPage":{"@id":"https:\/\/saborealapalma.es\/blog\/2022\/07\/26\/chiringuito-tropical-te-acerca-a-mariana-hernandez-una-de-las-grandes\/"},"wordCount":449,"image":{"@id":"https:\/\/saborealapalma.es\/blog\/2022\/07\/26\/chiringuito-tropical-te-acerca-a-mariana-hernandez-una-de-las-grandes\/#primaryimage"},"thumbnailUrl":"https:\/\/saborealapalma.es\/wp-content\/uploads\/2022\/07\/vinedo_volcanico2.jpg","articleSection":["Blog Saborea","Noticias Saborea"],"inLanguage":"en-GB"},{"@type":"WebPage","@id":"https:\/\/saborealapalma.es\/blog\/2022\/07\/26\/chiringuito-tropical-te-acerca-a-mariana-hernandez-una-de-las-grandes\/","url":"https:\/\/saborealapalma.es\/blog\/2022\/07\/26\/chiringuito-tropical-te-acerca-a-mariana-hernandez-una-de-las-grandes\/","name":"El legado del vi\u00f1edo volc\u00e1nico - Saborea La Palma","isPartOf":{"@id":"https:\/\/saborealapalma.es\/#website"},"primaryImageOfPage":{"@id":"https:\/\/saborealapalma.es\/blog\/2022\/07\/26\/chiringuito-tropical-te-acerca-a-mariana-hernandez-una-de-las-grandes\/#primaryimage"},"image":{"@id":"https:\/\/saborealapalma.es\/blog\/2022\/07\/26\/chiringuito-tropical-te-acerca-a-mariana-hernandez-una-de-las-grandes\/#primaryimage"},"thumbnailUrl":"https:\/\/saborealapalma.es\/wp-content\/uploads\/2022\/07\/vinedo_volcanico2.jpg","datePublished":"2022-07-26T07:59:27+00:00","dateModified":"2022-07-26T08:17:07+00:00","author":{"@id":"https:\/\/saborealapalma.es\/#\/schema\/person\/5184c05828c0a459bbca73a6b4e6b4dc"},"breadcrumb":{"@id":"https:\/\/saborealapalma.es\/blog\/2022\/07\/26\/chiringuito-tropical-te-acerca-a-mariana-hernandez-una-de-las-grandes\/#breadcrumb"},"inLanguage":"en-GB","potentialAction":[{"@type":"ReadAction","target":["https:\/\/saborealapalma.es\/blog\/2022\/07\/26\/chiringuito-tropical-te-acerca-a-mariana-hernandez-una-de-las-grandes\/"]}]},{"@type":"ImageObject","inLanguage":"en-GB","@id":"https:\/\/saborealapalma.es\/blog\/2022\/07\/26\/chiringuito-tropical-te-acerca-a-mariana-hernandez-una-de-las-grandes\/#primaryimage","url":"https:\/\/saborealapalma.es\/wp-content\/uploads\/2022\/07\/vinedo_volcanico2.jpg","contentUrl":"https:\/\/saborealapalma.es\/wp-content\/uploads\/2022\/07\/vinedo_volcanico2.jpg","width":974,"height":650},{"@type":"BreadcrumbList","@id":"https:\/\/saborealapalma.es\/blog\/2022\/07\/26\/chiringuito-tropical-te-acerca-a-mariana-hernandez-una-de-las-grandes\/#breadcrumb","itemListElement":[{"@type":"ListItem","position":1,"name":"Portada","item":"https:\/\/saborealapalma.es\/"},{"@type":"ListItem","position":2,"name":"El legado del vi\u00f1edo volc\u00e1nico"}]},{"@type":"WebSite","@id":"https:\/\/saborealapalma.es\/#website","url":"https:\/\/saborealapalma.es\/","name":"Taste La Palma","description":"Saborea La Palma is the project led by the Sociedad de Promoci\u00f3n Econ\u00f3mica de La Palma (SODEPAL S.A.U.M.P), a public company dependent on the Cabildo Insular de La Palma, for the revaluation and positioning of La Palma's gastronomy in regional, national and international markets.","potentialAction":[{"@type":"SearchAction","target":{"@type":"EntryPoint","urlTemplate":"https:\/\/saborealapalma.es\/?s={search_term_string}"},"query-input":{"@type":"PropertyValueSpecification","valueRequired":true,"valueName":"search_term_string"}}],"inLanguage":"en-GB"},{"@type":"Person","@id":"https:\/\/saborealapalma.es\/#\/schema\/person\/5184c05828c0a459bbca73a6b4e6b4dc","name":"Taste La Palma","url":"https:\/\/saborealapalma.es\/en\/blog\/author\/ivcabeza\/"}]}},"_links":{"self":[{"href":"https:\/\/saborealapalma.es\/en\/wp-json\/wp\/v2\/posts\/3422","targetHints":{"allow":["GET"]}}],"collection":[{"href":"https:\/\/saborealapalma.es\/en\/wp-json\/wp\/v2\/posts"}],"about":[{"href":"https:\/\/saborealapalma.es\/en\/wp-json\/wp\/v2\/types\/post"}],"author":[{"embeddable":true,"href":"https:\/\/saborealapalma.es\/en\/wp-json\/wp\/v2\/users\/4"}],"replies":[{"embeddable":true,"href":"https:\/\/saborealapalma.es\/en\/wp-json\/wp\/v2\/comments?post=3422"}],"version-history":[{"count":0,"href":"https:\/\/saborealapalma.es\/en\/wp-json\/wp\/v2\/posts\/3422\/revisions"}],"wp:featuredmedia":[{"embeddable":true,"href":"https:\/\/saborealapalma.es\/en\/wp-json\/wp\/v2\/media\/3423"}],"wp:attachment":[{"href":"https:\/\/saborealapalma.es\/en\/wp-json\/wp\/v2\/media?parent=3422"}],"wp:term":[{"taxonomy":"category","embeddable":true,"href":"https:\/\/saborealapalma.es\/en\/wp-json\/wp\/v2\/categories?post=3422"},{"taxonomy":"post_tag","embeddable":true,"href":"https:\/\/saborealapalma.es\/en\/wp-json\/wp\/v2\/tags?post=3422"}],"curies":[{"name":"wp","href":"https:\/\/api.w.org\/{rel}","templated":true}]}}