{"id":3441,"date":"2022-07-27T10:31:36","date_gmt":"2022-07-27T09:31:36","guid":{"rendered":"http:\/\/saborealapalma.es\/?p=3441"},"modified":"2022-08-10T09:20:45","modified_gmt":"2022-08-10T08:20:45","slug":"la-palma-gastronomica","status":"publish","type":"post","link":"https:\/\/saborealapalma.es\/en\/blog\/2022\/07\/27\/la-palma-gastronomica\/","title":{"rendered":"Visit to La Palma by Carmen Ordiz as ambassador for Tasting Spain"},"content":{"rendered":"<div data-elementor-type=\"wp-post\" data-elementor-id=\"3441\" class=\"elementor elementor-3441\" data-elementor-post-type=\"post\">\n\t\t\t\t\t\t<section data-particle_enable=\"false\" data-particle-mobile-disabled=\"false\" class=\"elementor-section elementor-top-section elementor-element elementor-element-34cd852 elementor-section-boxed elementor-section-height-default elementor-section-height-default parallax_section_no qode_elementor_container_no\" data-id=\"34cd852\" data-element_type=\"section\" data-e-type=\"section\">\n\t\t\t\t\t\t<div class=\"elementor-container elementor-column-gap-default\">\n\t\t\t\t\t<div class=\"elementor-column elementor-col-100 elementor-top-column elementor-element elementor-element-42d870d\" data-id=\"42d870d\" data-element_type=\"column\" data-e-type=\"column\">\n\t\t\t<div class=\"elementor-widget-wrap elementor-element-populated\">\n\t\t\t\t\t\t<div class=\"elementor-element elementor-element-0c546e4 dce_masking-none elementor-widget elementor-widget-video\" data-id=\"0c546e4\" data-element_type=\"widget\" data-e-type=\"widget\" data-settings=\"{&quot;youtube_url&quot;:&quot;https:\\\/\\\/www.youtube.com\\\/watch?v=HqS78ETkohM&quot;,&quot;video_type&quot;:&quot;youtube&quot;,&quot;controls&quot;:&quot;yes&quot;}\" data-widget_type=\"video.default\">\n\t\t\t\t<div class=\"elementor-widget-container\">\n\t\t\t\t\t\t\t<div class=\"elementor-wrapper elementor-open-inline\">\n\t\t\t<div class=\"elementor-video\"><\/div>\t\t<\/div>\n\t\t\t\t\t\t<\/div>\n\t\t\t\t<\/div>\n\t\t\t\t<div class=\"elementor-element elementor-element-d5d23ab elementor-widget elementor-widget-text-editor\" data-id=\"d5d23ab\" data-element_type=\"widget\" data-e-type=\"widget\" data-widget_type=\"text-editor.default\">\n\t\t\t\t<div class=\"elementor-widget-container\">\n\t\t\t\t\t\t\t\t\t<p>These days we have received a visit from Carmen Ordiz, from G de Gastronom\u00eda. She has done so as an ambassador for Tasting Spain.<\/p><p>This is her own summary of her stay on La Palma:<\/p><p>La Palma, despite having been warned by more than one person, has been an island that has surprised and enchanted me in equal parts. Green, steep, colourful and friendly. Very different from other Canarian landscapes.<\/p><p>Its people speak proudly of their past and their products, the fruit of the many influences brought by those who left to return richer in culture and soul.<\/p><p>The places and restaurants featured in the video are:<\/p><p>\ud83c\udf74Chipi-Chipi Restaurant<br \/>A classic of traditional Canarian and Palmera cuisine. A very reasonable average price.<\/p><p>\ud83c\udf34Los Tilos<br \/>Easy route to do with children and feel like you are in the Jurassic Park itself. The waterfall, the vegetation and the humidity.<br \/>It has a restaurant that also serves as a picnic area where you can enjoy a tasting of local products such as cheeses, honey, wine...<\/p><p>\ud83c\udf74Gastrobar La Gatera<br \/>A very young project led by Mariana Hern\u00e1ndez. Her enthusiasm, know-how and a lot of enthusiasm have led her to open Baifo just a few weeks ago. <br \/>Let yourself be guided by the wait staff and you're sure to eat well.<\/p><p>\ud83d\udeb6\ud83c\udffd\u200d\u2640\ufe0fUn walk through Santa Cruz<br \/>The town of the well-known shoe designer Manolo Bhlanik leaves you speechless as soon as you turn a corner or cross one of its polychromatic squares.<\/p><p>The gates, the fountains, the kiosks... it's worth taking a guided tour and getting to know its history.<\/p><p>\ud83c\udf70Breakfast in Utopia <br \/>Before setting off to discover the island, a good breakfast, and you can't leave without tasting their guava juice.<\/p><p>\ud83c\udf77Bodegas Tenegu\u00eda<br \/>One of the cooperatives that make up the oenological map of the island. Diego was in charge of making the visit to the vineyard a wonderful moment. Drinking a wine with a view of the land that produces jewels such as the aromatic malvasia is something you have to do if you set foot on the soil of the island.<\/p><p>\ud83c\udf0bCentro Interpretaci\u00f3n Ca\u00f1os de Fuego (Interpretation Centre)<br \/>Understanding the origin of the island is easier if you visit this interpretation centre where the history of the volcanoes is explained, from the first one to the one in 2021 which, unfortunately, put this island on the front page of all the international media.<\/p><p>\ud83c\udf6aBar Parada<br \/>As its name suggests, it used to be a resting place for those who travelled around La Palma. The volcano and the closure of the road mean that only a few locals visit it, but its mantecados are still a reason for pilgrimage for many.<\/p><p>\ud83c\udf74Restaurant Las Norias <br \/>After the visit to the Salinas a stop at the restaurant Las Norias, opened a few days ago after its closure due to the eruption in September. Canarian cuisine with a twist.<\/p><p>\ud83c\udf74The Fire Goblin<br \/>Pedro Hern\u00e1ndez has achieved something that few in the world can achieve: to bring peace to his diners with food allergies and intolerances.<\/p><p>After travelling, working abroad and returning to La Palma, he has developed a concept with which he aims to continue to make diners enjoy his dishes while avoiding no less than 14 allergens.<\/p><p>Gastronomy and conscious nutrition go hand in hand at El Duende Del Fuego.<\/p><p>\ud83c\udf4cPlatanological<br \/>Listening to Fran gives you years of life. His enthusiasm, his knowledge, his way of explaining the whole banana production process is essential to understand one of the main economic engines of the island.<\/p><p>\ud83c\udf70Breakfast in Zulay<br \/>Their bakery is famous all over the island and they have recently opened a corner in the capital where you can have breakfast with excellent quality bread and a good Palmero coffee.<\/p><p>\ud83e\udd57Mercado La Recova <br \/>There is no city you visit where a stop at its market is not obligatory. A summary of the reality of a destination can be found in its stalls. In La Recova you will find an X-ray of the island: colour, flavour and variety. It reminded me a lot of Mexican markets.<br \/>There you can also drink freshly made natural juices and let yourself be hypnotised by someone who can clean an albacore, the name given in the Canary Islands to the common or Atlantic tuna.<\/p><p>\u26ea\ufe0fSantuario Nuestra Se\u00f1ora de Las Nieves<\/p><p>A jaw-dropping location welcomes the Virgen de las Nieves. A place where her devotees make their petitions and pray to her.<\/p><p>\ud83d\uddfbBre\u00f1a Alta<br \/>In addition to the many restaurants here you can find different museums, such as the museum of the \"puro palmero\".<\/p><p>\ud83c\udf74Casa Osmunda <br \/>Excellent Palmeran cuisine, a well-stocked wine cellar, exquisite staff and a carefully selected menu have earned the restaurant a well-deserved Sol Repsol.<\/p><p>I am looking forward to returning to this island. I hope you enjoy the beautiful island and its gastronomy as much as I did.<\/p><p>Thank you Saborea La Palma for making me discover this paradise on earth.<\/p>\t\t\t\t\t\t\t\t<\/div>\n\t\t\t\t<\/div>\n\t\t\t\t\t<\/div>\n\t\t<\/div>\n\t\t\t\t\t<\/div>\n\t\t<\/section>\n\t\t\t\t<\/div>","protected":false},"excerpt":{"rendered":"<p>https:\/\/www.youtube.com\/watch?v=HqS78ETkohM These days we have been visited by Carmen Ordiz, from G de Gastronom\u00eda. She has done so as an ambassador for Tasting Spain. This is her summary of her stay on La Palma: La Palma, despite having been warned by more than one person, has...<\/p>","protected":false},"author":4,"featured_media":3447,"comment_status":"closed","ping_status":"closed","sticky":false,"template":"","format":"standard","meta":{"footnotes":""},"categories":[1,21],"tags":[],"class_list":["post-3441","post","type-post","status-publish","format-standard","has-post-thumbnail","hentry","category-blogsaborea","category-noticias-saborea"],"yoast_head":"<!-- This site is optimized with the Yoast SEO plugin v27.4 - https:\/\/yoast.com\/product\/yoast-seo-wordpress\/ -->\n<title>Visita a La Palma de Carmen Ordiz como embajadora de Saborea Espa\u00f1a (Tasting Spain) - Saborea La Palma<\/title>\n<meta name=\"robots\" content=\"index, follow, max-snippet:-1, max-image-preview:large, max-video-preview:-1\" \/>\n<link rel=\"canonical\" href=\"https:\/\/saborealapalma.es\/en\/blog\/2022\/07\/27\/la-palma-gastronomica\/\" \/>\n<meta property=\"og:locale\" content=\"en_GB\" \/>\n<meta property=\"og:type\" content=\"article\" \/>\n<meta property=\"og:title\" content=\"Visita a La Palma de Carmen Ordiz como embajadora de Saborea Espa\u00f1a (Tasting Spain) - Saborea La Palma\" \/>\n<meta property=\"og:description\" content=\"https:\/\/www.youtube.com\/watch?v=HqS78ETkohM Estos d\u00edas hemos recibido la visita de Carmen Ordiz, de G de Gastronom\u00eda. Lo ha hecho como embajadora de Saborea Espa\u00f1a (Tasting Spain). Este es el resumen que ella misma realiza de su estancia en La Palma: La Palma, a pesar de haberme advertido m\u00e1s de una persona, ha...\" \/>\n<meta property=\"og:url\" content=\"https:\/\/saborealapalma.es\/en\/blog\/2022\/07\/27\/la-palma-gastronomica\/\" \/>\n<meta property=\"og:site_name\" content=\"Saborea La Palma\" \/>\n<meta property=\"article:published_time\" content=\"2022-07-27T09:31:36+00:00\" \/>\n<meta property=\"article:modified_time\" content=\"2022-08-10T08:20:45+00:00\" \/>\n<meta property=\"og:image\" content=\"https:\/\/saborealapalma.es\/wp-content\/uploads\/2022\/07\/portada_taste.png\" \/>\n\t<meta property=\"og:image:width\" content=\"522\" \/>\n\t<meta property=\"og:image:height\" content=\"501\" \/>\n\t<meta property=\"og:image:type\" content=\"image\/png\" \/>\n<meta name=\"author\" content=\"Saborea La Palma\" \/>\n<meta name=\"twitter:card\" content=\"summary_large_image\" \/>\n<meta name=\"twitter:label1\" content=\"Written by\" \/>\n\t<meta name=\"twitter:data1\" content=\"Saborea La Palma\" \/>\n\t<meta name=\"twitter:label2\" content=\"Estimated reading time\" \/>\n\t<meta name=\"twitter:data2\" content=\"7 minutes\" \/>\n<script type=\"application\/ld+json\" class=\"yoast-schema-graph\">{\"@context\":\"https:\\\/\\\/schema.org\",\"@graph\":[{\"@type\":\"Article\",\"@id\":\"https:\\\/\\\/saborealapalma.es\\\/blog\\\/2022\\\/07\\\/27\\\/la-palma-gastronomica\\\/#article\",\"isPartOf\":{\"@id\":\"https:\\\/\\\/saborealapalma.es\\\/blog\\\/2022\\\/07\\\/27\\\/la-palma-gastronomica\\\/\"},\"author\":{\"name\":\"Saborea La Palma\",\"@id\":\"https:\\\/\\\/saborealapalma.es\\\/#\\\/schema\\\/person\\\/5184c05828c0a459bbca73a6b4e6b4dc\"},\"headline\":\"Visita a La Palma de Carmen Ordiz como embajadora de Saborea Espa\u00f1a (Tasting Spain)\",\"datePublished\":\"2022-07-27T09:31:36+00:00\",\"dateModified\":\"2022-08-10T08:20:45+00:00\",\"mainEntityOfPage\":{\"@id\":\"https:\\\/\\\/saborealapalma.es\\\/blog\\\/2022\\\/07\\\/27\\\/la-palma-gastronomica\\\/\"},\"wordCount\":871,\"image\":{\"@id\":\"https:\\\/\\\/saborealapalma.es\\\/blog\\\/2022\\\/07\\\/27\\\/la-palma-gastronomica\\\/#primaryimage\"},\"thumbnailUrl\":\"https:\\\/\\\/saborealapalma.es\\\/wp-content\\\/uploads\\\/2022\\\/07\\\/portada_taste.png\",\"articleSection\":[\"Blog Saborea\",\"Noticias Saborea\"],\"inLanguage\":\"en-GB\"},{\"@type\":\"WebPage\",\"@id\":\"https:\\\/\\\/saborealapalma.es\\\/blog\\\/2022\\\/07\\\/27\\\/la-palma-gastronomica\\\/\",\"url\":\"https:\\\/\\\/saborealapalma.es\\\/blog\\\/2022\\\/07\\\/27\\\/la-palma-gastronomica\\\/\",\"name\":\"Visita a La Palma de Carmen Ordiz como embajadora de Saborea Espa\u00f1a (Tasting Spain) - Saborea La Palma\",\"isPartOf\":{\"@id\":\"https:\\\/\\\/saborealapalma.es\\\/#website\"},\"primaryImageOfPage\":{\"@id\":\"https:\\\/\\\/saborealapalma.es\\\/blog\\\/2022\\\/07\\\/27\\\/la-palma-gastronomica\\\/#primaryimage\"},\"image\":{\"@id\":\"https:\\\/\\\/saborealapalma.es\\\/blog\\\/2022\\\/07\\\/27\\\/la-palma-gastronomica\\\/#primaryimage\"},\"thumbnailUrl\":\"https:\\\/\\\/saborealapalma.es\\\/wp-content\\\/uploads\\\/2022\\\/07\\\/portada_taste.png\",\"datePublished\":\"2022-07-27T09:31:36+00:00\",\"dateModified\":\"2022-08-10T08:20:45+00:00\",\"author\":{\"@id\":\"https:\\\/\\\/saborealapalma.es\\\/#\\\/schema\\\/person\\\/5184c05828c0a459bbca73a6b4e6b4dc\"},\"breadcrumb\":{\"@id\":\"https:\\\/\\\/saborealapalma.es\\\/blog\\\/2022\\\/07\\\/27\\\/la-palma-gastronomica\\\/#breadcrumb\"},\"inLanguage\":\"en-GB\",\"potentialAction\":[{\"@type\":\"ReadAction\",\"target\":[\"https:\\\/\\\/saborealapalma.es\\\/blog\\\/2022\\\/07\\\/27\\\/la-palma-gastronomica\\\/\"]}]},{\"@type\":\"ImageObject\",\"inLanguage\":\"en-GB\",\"@id\":\"https:\\\/\\\/saborealapalma.es\\\/blog\\\/2022\\\/07\\\/27\\\/la-palma-gastronomica\\\/#primaryimage\",\"url\":\"https:\\\/\\\/saborealapalma.es\\\/wp-content\\\/uploads\\\/2022\\\/07\\\/portada_taste.png\",\"contentUrl\":\"https:\\\/\\\/saborealapalma.es\\\/wp-content\\\/uploads\\\/2022\\\/07\\\/portada_taste.png\",\"width\":522,\"height\":501},{\"@type\":\"BreadcrumbList\",\"@id\":\"https:\\\/\\\/saborealapalma.es\\\/blog\\\/2022\\\/07\\\/27\\\/la-palma-gastronomica\\\/#breadcrumb\",\"itemListElement\":[{\"@type\":\"ListItem\",\"position\":1,\"name\":\"Portada\",\"item\":\"https:\\\/\\\/saborealapalma.es\\\/\"},{\"@type\":\"ListItem\",\"position\":2,\"name\":\"Visita a La Palma de Carmen Ordiz como embajadora de Saborea Espa\u00f1a (Tasting Spain)\"}]},{\"@type\":\"WebSite\",\"@id\":\"https:\\\/\\\/saborealapalma.es\\\/#website\",\"url\":\"https:\\\/\\\/saborealapalma.es\\\/\",\"name\":\"Saborea La Palma\",\"description\":\"Saborea La Palma es el proyecto que lidera la Sociedad de Promoci\u00f3n Econ\u00f3mica de La Palma (SODEPAL S.A.U.M.P), empresa p\u00fablica dependiente de Cabildo Insular de La Palma, para la revalorizaci\u00f3n y el posicionamiento de la gastronom\u00eda palmera en los mercados regionales, nacionales e internacionales.\",\"potentialAction\":[{\"@type\":\"SearchAction\",\"target\":{\"@type\":\"EntryPoint\",\"urlTemplate\":\"https:\\\/\\\/saborealapalma.es\\\/?s={search_term_string}\"},\"query-input\":{\"@type\":\"PropertyValueSpecification\",\"valueRequired\":true,\"valueName\":\"search_term_string\"}}],\"inLanguage\":\"en-GB\"},{\"@type\":\"Person\",\"@id\":\"https:\\\/\\\/saborealapalma.es\\\/#\\\/schema\\\/person\\\/5184c05828c0a459bbca73a6b4e6b4dc\",\"name\":\"Saborea La Palma\",\"url\":\"https:\\\/\\\/saborealapalma.es\\\/en\\\/blog\\\/author\\\/ivcabeza\\\/\"}]}<\/script>\n<!-- \/ Yoast SEO plugin. -->","yoast_head_json":{"title":"Visita a La Palma de Carmen Ordiz como embajadora de Saborea Espa\u00f1a (Tasting Spain) - Saborea La Palma","robots":{"index":"index","follow":"follow","max-snippet":"max-snippet:-1","max-image-preview":"max-image-preview:large","max-video-preview":"max-video-preview:-1"},"canonical":"https:\/\/saborealapalma.es\/en\/blog\/2022\/07\/27\/la-palma-gastronomica\/","og_locale":"en_GB","og_type":"article","og_title":"Visita a La Palma de Carmen Ordiz como embajadora de Saborea Espa\u00f1a (Tasting Spain) - Saborea La Palma","og_description":"https:\/\/www.youtube.com\/watch?v=HqS78ETkohM Estos d\u00edas hemos recibido la visita de Carmen Ordiz, de G de Gastronom\u00eda. Lo ha hecho como embajadora de Saborea Espa\u00f1a (Tasting Spain). Este es el resumen que ella misma realiza de su estancia en La Palma: La Palma, a pesar de haberme advertido m\u00e1s de una persona, ha...","og_url":"https:\/\/saborealapalma.es\/en\/blog\/2022\/07\/27\/la-palma-gastronomica\/","og_site_name":"Saborea La Palma","article_published_time":"2022-07-27T09:31:36+00:00","article_modified_time":"2022-08-10T08:20:45+00:00","og_image":[{"width":522,"height":501,"url":"https:\/\/saborealapalma.es\/wp-content\/uploads\/2022\/07\/portada_taste.png","type":"image\/png"}],"author":"Saborea La Palma","twitter_card":"summary_large_image","twitter_misc":{"Written by":"Saborea La Palma","Estimated reading time":"7 minutes"},"schema":{"@context":"https:\/\/schema.org","@graph":[{"@type":"Article","@id":"https:\/\/saborealapalma.es\/blog\/2022\/07\/27\/la-palma-gastronomica\/#article","isPartOf":{"@id":"https:\/\/saborealapalma.es\/blog\/2022\/07\/27\/la-palma-gastronomica\/"},"author":{"name":"Saborea La Palma","@id":"https:\/\/saborealapalma.es\/#\/schema\/person\/5184c05828c0a459bbca73a6b4e6b4dc"},"headline":"Visita a La Palma de Carmen Ordiz como embajadora de Saborea Espa\u00f1a (Tasting Spain)","datePublished":"2022-07-27T09:31:36+00:00","dateModified":"2022-08-10T08:20:45+00:00","mainEntityOfPage":{"@id":"https:\/\/saborealapalma.es\/blog\/2022\/07\/27\/la-palma-gastronomica\/"},"wordCount":871,"image":{"@id":"https:\/\/saborealapalma.es\/blog\/2022\/07\/27\/la-palma-gastronomica\/#primaryimage"},"thumbnailUrl":"https:\/\/saborealapalma.es\/wp-content\/uploads\/2022\/07\/portada_taste.png","articleSection":["Blog Saborea","Noticias Saborea"],"inLanguage":"en-GB"},{"@type":"WebPage","@id":"https:\/\/saborealapalma.es\/blog\/2022\/07\/27\/la-palma-gastronomica\/","url":"https:\/\/saborealapalma.es\/blog\/2022\/07\/27\/la-palma-gastronomica\/","name":"Visita a La Palma de Carmen Ordiz como embajadora de Saborea Espa\u00f1a (Tasting Spain) - Saborea La Palma","isPartOf":{"@id":"https:\/\/saborealapalma.es\/#website"},"primaryImageOfPage":{"@id":"https:\/\/saborealapalma.es\/blog\/2022\/07\/27\/la-palma-gastronomica\/#primaryimage"},"image":{"@id":"https:\/\/saborealapalma.es\/blog\/2022\/07\/27\/la-palma-gastronomica\/#primaryimage"},"thumbnailUrl":"https:\/\/saborealapalma.es\/wp-content\/uploads\/2022\/07\/portada_taste.png","datePublished":"2022-07-27T09:31:36+00:00","dateModified":"2022-08-10T08:20:45+00:00","author":{"@id":"https:\/\/saborealapalma.es\/#\/schema\/person\/5184c05828c0a459bbca73a6b4e6b4dc"},"breadcrumb":{"@id":"https:\/\/saborealapalma.es\/blog\/2022\/07\/27\/la-palma-gastronomica\/#breadcrumb"},"inLanguage":"en-GB","potentialAction":[{"@type":"ReadAction","target":["https:\/\/saborealapalma.es\/blog\/2022\/07\/27\/la-palma-gastronomica\/"]}]},{"@type":"ImageObject","inLanguage":"en-GB","@id":"https:\/\/saborealapalma.es\/blog\/2022\/07\/27\/la-palma-gastronomica\/#primaryimage","url":"https:\/\/saborealapalma.es\/wp-content\/uploads\/2022\/07\/portada_taste.png","contentUrl":"https:\/\/saborealapalma.es\/wp-content\/uploads\/2022\/07\/portada_taste.png","width":522,"height":501},{"@type":"BreadcrumbList","@id":"https:\/\/saborealapalma.es\/blog\/2022\/07\/27\/la-palma-gastronomica\/#breadcrumb","itemListElement":[{"@type":"ListItem","position":1,"name":"Portada","item":"https:\/\/saborealapalma.es\/"},{"@type":"ListItem","position":2,"name":"Visita a La Palma de Carmen Ordiz como embajadora de Saborea Espa\u00f1a (Tasting Spain)"}]},{"@type":"WebSite","@id":"https:\/\/saborealapalma.es\/#website","url":"https:\/\/saborealapalma.es\/","name":"Taste La Palma","description":"Saborea La Palma is the project led by the Sociedad de Promoci\u00f3n Econ\u00f3mica de La Palma (SODEPAL S.A.U.M.P), a public company dependent on the Cabildo Insular de La Palma, for the revaluation and positioning of La Palma's gastronomy in regional, national and international markets.","potentialAction":[{"@type":"SearchAction","target":{"@type":"EntryPoint","urlTemplate":"https:\/\/saborealapalma.es\/?s={search_term_string}"},"query-input":{"@type":"PropertyValueSpecification","valueRequired":true,"valueName":"search_term_string"}}],"inLanguage":"en-GB"},{"@type":"Person","@id":"https:\/\/saborealapalma.es\/#\/schema\/person\/5184c05828c0a459bbca73a6b4e6b4dc","name":"Taste La Palma","url":"https:\/\/saborealapalma.es\/en\/blog\/author\/ivcabeza\/"}]}},"_links":{"self":[{"href":"https:\/\/saborealapalma.es\/en\/wp-json\/wp\/v2\/posts\/3441","targetHints":{"allow":["GET"]}}],"collection":[{"href":"https:\/\/saborealapalma.es\/en\/wp-json\/wp\/v2\/posts"}],"about":[{"href":"https:\/\/saborealapalma.es\/en\/wp-json\/wp\/v2\/types\/post"}],"author":[{"embeddable":true,"href":"https:\/\/saborealapalma.es\/en\/wp-json\/wp\/v2\/users\/4"}],"replies":[{"embeddable":true,"href":"https:\/\/saborealapalma.es\/en\/wp-json\/wp\/v2\/comments?post=3441"}],"version-history":[{"count":0,"href":"https:\/\/saborealapalma.es\/en\/wp-json\/wp\/v2\/posts\/3441\/revisions"}],"wp:featuredmedia":[{"embeddable":true,"href":"https:\/\/saborealapalma.es\/en\/wp-json\/wp\/v2\/media\/3447"}],"wp:attachment":[{"href":"https:\/\/saborealapalma.es\/en\/wp-json\/wp\/v2\/media?parent=3441"}],"wp:term":[{"taxonomy":"category","embeddable":true,"href":"https:\/\/saborealapalma.es\/en\/wp-json\/wp\/v2\/categories?post=3441"},{"taxonomy":"post_tag","embeddable":true,"href":"https:\/\/saborealapalma.es\/en\/wp-json\/wp\/v2\/tags?post=3441"}],"curies":[{"name":"wp","href":"https:\/\/api.w.org\/{rel}","templated":true}]}}