{"id":6946,"date":"2024-08-02T18:25:32","date_gmt":"2024-08-02T17:25:32","guid":{"rendered":"https:\/\/saborealapalma.es\/?p=6946"},"modified":"2024-08-04T18:28:53","modified_gmt":"2024-08-04T17:28:53","slug":"el-cabildo-celebrara-en-noviembre-en-fuencaliente-el-primer-festival-gastronomico-saborea-la-palma","status":"publish","type":"post","link":"https:\/\/saborealapalma.es\/en\/blog\/2024\/08\/02\/el-cabildo-celebrara-en-noviembre-en-fuencaliente-el-primer-festival-gastronomico-saborea-la-palma\/","title":{"rendered":"The Cabildo will hold the first Gastronomic Festival \"Saborea La Palma\" in November in Fuencaliente."},"content":{"rendered":"<div data-elementor-type=\"wp-page\" data-elementor-id=\"6946\" class=\"elementor elementor-6946\" data-elementor-post-type=\"post\">\n\t\t\t\t\t\t<section data-particle_enable=\"false\" data-particle-mobile-disabled=\"false\" class=\"elementor-section elementor-top-section elementor-element elementor-element-6b8a763 elementor-section-boxed elementor-section-height-default elementor-section-height-default parallax_section_no qode_elementor_container_no\" data-id=\"6b8a763\" data-element_type=\"section\" data-e-type=\"section\">\n\t\t\t\t\t\t<div class=\"elementor-container elementor-column-gap-default\">\n\t\t\t\t\t<div class=\"elementor-column elementor-col-100 elementor-top-column elementor-element elementor-element-0ef133e\" data-id=\"0ef133e\" data-element_type=\"column\" data-e-type=\"column\">\n\t\t\t<div class=\"elementor-widget-wrap elementor-element-populated\">\n\t\t\t\t\t\t<div class=\"elementor-element elementor-element-e17bf48 elementor-widget elementor-widget-text-editor\" data-id=\"e17bf48\" data-element_type=\"widget\" data-e-type=\"widget\" data-widget_type=\"text-editor.default\">\n\t\t\t\t<div class=\"elementor-widget-container\">\n\t\t\t\t\t\t\t\t\t<div class=\"field field--name-field-noticias-entradilla field--type-text-long field--label-hidden field--item\"><div class=\"field field--name-field-noticias-entradilla field--type-text-long field--label-hidden field--item\"><div class=\"field field--name-field-noticias-entradilla field--type-text-long field--label-hidden field--item\"><div class=\"field field--name-field-noticias-entradilla field--type-text-long field--label-hidden field--item\"><div class=\"field field--name-field-noticias-entradilla field--type-text-long field--label-hidden field--item\"><div class=\"field field--name-field-noticias-entradilla field--type-text-long field--label-hidden field--item\"><h4>Sergio Rodr\u00edguez stressed that events such as these are more than just a gastronomic event, transcending cultural and ethnographic aspects.<\/h4><p>The Cabildo de La Palma, through the public company Sodepal, is preparing the celebration of the Gastronomic Festival Saborea La Palma, which will be held in the municipality of Fuencaliente on the weekend of 8 to 10 November.\u00a0<\/p><\/div><div class=\"field field--name-body field--type-text-with-summary field--label-hidden field--item\"><p>The presentation of the event, which took place at the San Antonio Volcano Visitor Centre, served to detail the characteristics of an event \"that goes beyond the simple concept of a gastronomic fair with performances and tastings\", emphasised the island president, Sergio Rodr\u00edguez.\u00a0<\/p><p>In choosing the location, it has been taken into account that Fuencaliente is one of the most outstanding wine producers in the Canary Islands, and has the oldest vines of the aromatic Malvasia variety, which has been world famous for centuries and is nowadays one of the most outstanding products of the island of La Palma.<\/p><p>In addition, Fuencaliente is a municipality of great agricultural activity and has several wineries and one of the best known salt mines in the Canary Islands, all surrounded by volcanoes, lava landscapes, as well as an important area of Canary Island pine forest.<\/p><p>The dates chosen coincide with the feast of St. Martin, patron saint of agricultural activities and with great popularity among farmers, livestock breeders, winegrowers and winemakers on the island.<\/p><p>For this reason, Sergio Rodr\u00edguez stressed that this type of event is much more than just a culinary event, \"they are true festivals that celebrate cultural diversity and promote the local economy,\" he said.<\/p><p>The Councillor for Economic Promotion and Trade, Miriam Perestelo, stressed that this type of event makes it possible to promote the Island's products and producers, while also promoting sustainability and the consumption of zero-kilometre products.<\/p><p>He also insisted that this fair will become \"a celebration of our gastronomy, which unites us, and also makes us enjoy our origins\".\u00a0<\/p><p>All of this is done through the 'Saborea La Palma' project, which represents a firm commitment to gastronomy and the island's most outstanding products and elaborations.<\/p><p>Thus, this island gastronomic festival will bring together farmers and stockbreeders, agri-food producers, restaurateurs, gourmet product distributors, as well as a broad representation of agents from the agri-food, agricultural, commercial and tourism sectors, critics and gastronomic experts, the hotel and catering industry, both from the island and with the presence of important Canary Island and Spanish personalities.<\/p><p>The intention of this event is that it will take place in the streets of the municipality, making it more accessible.<\/p><p>In addition to the specific planning of an activity area, conferences, colloquiums, talks, show cooking, workshops and culinary competitions, we have also thought of setting up an exhibition and sales area for restaurateurs, as well as a stand for agricultural producers to show and market their products from the primary sector.<\/p><p>Other specific culinary events will be held in parallel, such as a national confectionery meeting, the installation of a cheese and wine sensory tunnel, as well as tourist promotion areas and various musical performances.<\/p><p>Another unique feature of the Festival is the 'Jura de la Pipa', where the new locally produced wines are tasted, which traditionally coincides with the festival of San Mart\u00edn.<\/p><p>For his part, the Mayor of Fuencaliente, Gregorio Alonso, stressed the satisfaction of receiving this first Gastronomic Festival in his municipality, pointing out that it is a \"reference municipality in the generation of employment linked to local products\".\u00a0<\/p><p>The event was also attended by the president of the Urban Areas Network of the Canary Islands, Abbas Moujir, and the president of the Federation of Entrepreneurs of La Palma, Carmen Koury.<\/p><\/div><\/div><\/div><\/div><\/div><\/div>\t\t\t\t\t\t\t\t<\/div>\n\t\t\t\t<\/div>\n\t\t\t\t\t<\/div>\n\t\t<\/div>\n\t\t\t\t\t<\/div>\n\t\t<\/section>\n\t\t\t\t<\/div>","protected":false},"excerpt":{"rendered":"<p>Sergio Rodr\u00edguez stressed that events such as these are more than just a gastronomic event, transcending cultural and ethnographic aspects. The Cabildo of La Palma, through the public company Sodepal, is preparing the celebration of the Gastronomic Festival Saborea La Palma, which will be held in the municipality of Fuencaliente over the weekend of...<\/p>","protected":false},"author":4,"featured_media":6948,"comment_status":"closed","ping_status":"closed","sticky":false,"template":"","format":"standard","meta":{"footnotes":""},"categories":[1,21],"tags":[],"class_list":["post-6946","post","type-post","status-publish","format-standard","has-post-thumbnail","hentry","category-blogsaborea","category-noticias-saborea"],"yoast_head":"<!-- This site is optimized with the Yoast SEO plugin v27.4 - https:\/\/yoast.com\/product\/yoast-seo-wordpress\/ -->\n<title>El Cabildo celebrar\u00e1 en noviembre en Fuencaliente el primer Festival Gastron\u00f3mico Saborea La Palma - Saborea La Palma<\/title>\n<meta name=\"robots\" content=\"index, follow, max-snippet:-1, max-image-preview:large, max-video-preview:-1\" \/>\n<link rel=\"canonical\" href=\"https:\/\/saborealapalma.es\/en\/blog\/2024\/08\/02\/el-cabildo-celebrara-en-noviembre-en-fuencaliente-el-primer-festival-gastronomico-saborea-la-palma\/\" \/>\n<meta property=\"og:locale\" content=\"en_GB\" \/>\n<meta property=\"og:type\" content=\"article\" \/>\n<meta property=\"og:title\" content=\"El Cabildo celebrar\u00e1 en noviembre en Fuencaliente el primer Festival Gastron\u00f3mico Saborea La Palma - Saborea La Palma\" \/>\n<meta property=\"og:description\" content=\"Sergio Rodr\u00edguez recalc\u00f3 que citas como estas son m\u00e1s que un simple evento gastron\u00f3mico, trascendiendo a lo cultural y etnogr\u00e1fico. El Cabildo de La Palma, a trav\u00e9s de la empresa p\u00fablica Sodepal, prepara la celebraci\u00f3n del Festival Gastron\u00f3mico Saborea La Palma, que acoger\u00e1 el municipio de Fuencaliente el fin de...\" \/>\n<meta property=\"og:url\" content=\"https:\/\/saborealapalma.es\/en\/blog\/2024\/08\/02\/el-cabildo-celebrara-en-noviembre-en-fuencaliente-el-primer-festival-gastronomico-saborea-la-palma\/\" \/>\n<meta property=\"og:site_name\" content=\"Saborea La Palma\" \/>\n<meta property=\"article:published_time\" content=\"2024-08-02T17:25:32+00:00\" \/>\n<meta property=\"article:modified_time\" content=\"2024-08-04T17:28:53+00:00\" \/>\n<meta property=\"og:image\" content=\"https:\/\/saborealapalma.es\/wp-content\/uploads\/2024\/08\/Festival_Gastronomico-scaled.jpg\" \/>\n\t<meta property=\"og:image:width\" content=\"2560\" \/>\n\t<meta property=\"og:image:height\" content=\"1920\" \/>\n\t<meta property=\"og:image:type\" content=\"image\/jpeg\" \/>\n<meta name=\"author\" content=\"Saborea La Palma\" \/>\n<meta name=\"twitter:card\" content=\"summary_large_image\" \/>\n<meta name=\"twitter:label1\" content=\"Written by\" \/>\n\t<meta name=\"twitter:data1\" content=\"Saborea La Palma\" \/>\n\t<meta name=\"twitter:label2\" content=\"Estimated reading time\" \/>\n\t<meta name=\"twitter:data2\" content=\"3 minutes\" \/>\n<script type=\"application\/ld+json\" class=\"yoast-schema-graph\">{\"@context\":\"https:\\\/\\\/schema.org\",\"@graph\":[{\"@type\":\"Article\",\"@id\":\"https:\\\/\\\/saborealapalma.es\\\/blog\\\/2024\\\/08\\\/02\\\/el-cabildo-celebrara-en-noviembre-en-fuencaliente-el-primer-festival-gastronomico-saborea-la-palma\\\/#article\",\"isPartOf\":{\"@id\":\"https:\\\/\\\/saborealapalma.es\\\/blog\\\/2024\\\/08\\\/02\\\/el-cabildo-celebrara-en-noviembre-en-fuencaliente-el-primer-festival-gastronomico-saborea-la-palma\\\/\"},\"author\":{\"name\":\"Saborea La Palma\",\"@id\":\"https:\\\/\\\/saborealapalma.es\\\/#\\\/schema\\\/person\\\/5184c05828c0a459bbca73a6b4e6b4dc\"},\"headline\":\"El Cabildo celebrar\u00e1 en noviembre en Fuencaliente el primer Festival Gastron\u00f3mico Saborea La Palma\",\"datePublished\":\"2024-08-02T17:25:32+00:00\",\"dateModified\":\"2024-08-04T17:28:53+00:00\",\"mainEntityOfPage\":{\"@id\":\"https:\\\/\\\/saborealapalma.es\\\/blog\\\/2024\\\/08\\\/02\\\/el-cabildo-celebrara-en-noviembre-en-fuencaliente-el-primer-festival-gastronomico-saborea-la-palma\\\/\"},\"wordCount\":716,\"image\":{\"@id\":\"https:\\\/\\\/saborealapalma.es\\\/blog\\\/2024\\\/08\\\/02\\\/el-cabildo-celebrara-en-noviembre-en-fuencaliente-el-primer-festival-gastronomico-saborea-la-palma\\\/#primaryimage\"},\"thumbnailUrl\":\"https:\\\/\\\/saborealapalma.es\\\/wp-content\\\/uploads\\\/2024\\\/08\\\/Festival_Gastronomico-scaled.jpg\",\"articleSection\":[\"Blog Saborea\",\"Noticias Saborea\"],\"inLanguage\":\"en-GB\"},{\"@type\":\"WebPage\",\"@id\":\"https:\\\/\\\/saborealapalma.es\\\/blog\\\/2024\\\/08\\\/02\\\/el-cabildo-celebrara-en-noviembre-en-fuencaliente-el-primer-festival-gastronomico-saborea-la-palma\\\/\",\"url\":\"https:\\\/\\\/saborealapalma.es\\\/blog\\\/2024\\\/08\\\/02\\\/el-cabildo-celebrara-en-noviembre-en-fuencaliente-el-primer-festival-gastronomico-saborea-la-palma\\\/\",\"name\":\"El Cabildo celebrar\u00e1 en noviembre en Fuencaliente el primer Festival Gastron\u00f3mico Saborea La Palma - Saborea La Palma\",\"isPartOf\":{\"@id\":\"https:\\\/\\\/saborealapalma.es\\\/#website\"},\"primaryImageOfPage\":{\"@id\":\"https:\\\/\\\/saborealapalma.es\\\/blog\\\/2024\\\/08\\\/02\\\/el-cabildo-celebrara-en-noviembre-en-fuencaliente-el-primer-festival-gastronomico-saborea-la-palma\\\/#primaryimage\"},\"image\":{\"@id\":\"https:\\\/\\\/saborealapalma.es\\\/blog\\\/2024\\\/08\\\/02\\\/el-cabildo-celebrara-en-noviembre-en-fuencaliente-el-primer-festival-gastronomico-saborea-la-palma\\\/#primaryimage\"},\"thumbnailUrl\":\"https:\\\/\\\/saborealapalma.es\\\/wp-content\\\/uploads\\\/2024\\\/08\\\/Festival_Gastronomico-scaled.jpg\",\"datePublished\":\"2024-08-02T17:25:32+00:00\",\"dateModified\":\"2024-08-04T17:28:53+00:00\",\"author\":{\"@id\":\"https:\\\/\\\/saborealapalma.es\\\/#\\\/schema\\\/person\\\/5184c05828c0a459bbca73a6b4e6b4dc\"},\"breadcrumb\":{\"@id\":\"https:\\\/\\\/saborealapalma.es\\\/blog\\\/2024\\\/08\\\/02\\\/el-cabildo-celebrara-en-noviembre-en-fuencaliente-el-primer-festival-gastronomico-saborea-la-palma\\\/#breadcrumb\"},\"inLanguage\":\"en-GB\",\"potentialAction\":[{\"@type\":\"ReadAction\",\"target\":[\"https:\\\/\\\/saborealapalma.es\\\/blog\\\/2024\\\/08\\\/02\\\/el-cabildo-celebrara-en-noviembre-en-fuencaliente-el-primer-festival-gastronomico-saborea-la-palma\\\/\"]}]},{\"@type\":\"ImageObject\",\"inLanguage\":\"en-GB\",\"@id\":\"https:\\\/\\\/saborealapalma.es\\\/blog\\\/2024\\\/08\\\/02\\\/el-cabildo-celebrara-en-noviembre-en-fuencaliente-el-primer-festival-gastronomico-saborea-la-palma\\\/#primaryimage\",\"url\":\"https:\\\/\\\/saborealapalma.es\\\/wp-content\\\/uploads\\\/2024\\\/08\\\/Festival_Gastronomico-scaled.jpg\",\"contentUrl\":\"https:\\\/\\\/saborealapalma.es\\\/wp-content\\\/uploads\\\/2024\\\/08\\\/Festival_Gastronomico-scaled.jpg\",\"width\":2560,\"height\":1920},{\"@type\":\"BreadcrumbList\",\"@id\":\"https:\\\/\\\/saborealapalma.es\\\/blog\\\/2024\\\/08\\\/02\\\/el-cabildo-celebrara-en-noviembre-en-fuencaliente-el-primer-festival-gastronomico-saborea-la-palma\\\/#breadcrumb\",\"itemListElement\":[{\"@type\":\"ListItem\",\"position\":1,\"name\":\"Portada\",\"item\":\"https:\\\/\\\/saborealapalma.es\\\/\"},{\"@type\":\"ListItem\",\"position\":2,\"name\":\"El Cabildo celebrar\u00e1 en noviembre en Fuencaliente el primer Festival Gastron\u00f3mico Saborea La Palma\"}]},{\"@type\":\"WebSite\",\"@id\":\"https:\\\/\\\/saborealapalma.es\\\/#website\",\"url\":\"https:\\\/\\\/saborealapalma.es\\\/\",\"name\":\"Saborea La Palma\",\"description\":\"Saborea La Palma es el proyecto que lidera la Sociedad de Promoci\u00f3n Econ\u00f3mica de La Palma (SODEPAL S.A.U.M.P), empresa p\u00fablica dependiente de Cabildo Insular de La Palma, para la revalorizaci\u00f3n y el posicionamiento de la gastronom\u00eda palmera en los mercados regionales, nacionales e internacionales.\",\"potentialAction\":[{\"@type\":\"SearchAction\",\"target\":{\"@type\":\"EntryPoint\",\"urlTemplate\":\"https:\\\/\\\/saborealapalma.es\\\/?s={search_term_string}\"},\"query-input\":{\"@type\":\"PropertyValueSpecification\",\"valueRequired\":true,\"valueName\":\"search_term_string\"}}],\"inLanguage\":\"en-GB\"},{\"@type\":\"Person\",\"@id\":\"https:\\\/\\\/saborealapalma.es\\\/#\\\/schema\\\/person\\\/5184c05828c0a459bbca73a6b4e6b4dc\",\"name\":\"Saborea La Palma\",\"url\":\"https:\\\/\\\/saborealapalma.es\\\/en\\\/blog\\\/author\\\/ivcabeza\\\/\"}]}<\/script>\n<!-- \/ Yoast SEO plugin. -->","yoast_head_json":{"title":"El Cabildo celebrar\u00e1 en noviembre en Fuencaliente el primer Festival Gastron\u00f3mico Saborea La Palma - Saborea La Palma","robots":{"index":"index","follow":"follow","max-snippet":"max-snippet:-1","max-image-preview":"max-image-preview:large","max-video-preview":"max-video-preview:-1"},"canonical":"https:\/\/saborealapalma.es\/en\/blog\/2024\/08\/02\/el-cabildo-celebrara-en-noviembre-en-fuencaliente-el-primer-festival-gastronomico-saborea-la-palma\/","og_locale":"en_GB","og_type":"article","og_title":"El Cabildo celebrar\u00e1 en noviembre en Fuencaliente el primer Festival Gastron\u00f3mico Saborea La Palma - Saborea La Palma","og_description":"Sergio Rodr\u00edguez recalc\u00f3 que citas como estas son m\u00e1s que un simple evento gastron\u00f3mico, trascendiendo a lo cultural y etnogr\u00e1fico. El Cabildo de La Palma, a trav\u00e9s de la empresa p\u00fablica Sodepal, prepara la celebraci\u00f3n del Festival Gastron\u00f3mico Saborea La Palma, que acoger\u00e1 el municipio de Fuencaliente el fin de...","og_url":"https:\/\/saborealapalma.es\/en\/blog\/2024\/08\/02\/el-cabildo-celebrara-en-noviembre-en-fuencaliente-el-primer-festival-gastronomico-saborea-la-palma\/","og_site_name":"Saborea La Palma","article_published_time":"2024-08-02T17:25:32+00:00","article_modified_time":"2024-08-04T17:28:53+00:00","og_image":[{"width":2560,"height":1920,"url":"https:\/\/saborealapalma.es\/wp-content\/uploads\/2024\/08\/Festival_Gastronomico-scaled.jpg","type":"image\/jpeg"}],"author":"Saborea La Palma","twitter_card":"summary_large_image","twitter_misc":{"Written by":"Saborea La Palma","Estimated reading time":"3 minutes"},"schema":{"@context":"https:\/\/schema.org","@graph":[{"@type":"Article","@id":"https:\/\/saborealapalma.es\/blog\/2024\/08\/02\/el-cabildo-celebrara-en-noviembre-en-fuencaliente-el-primer-festival-gastronomico-saborea-la-palma\/#article","isPartOf":{"@id":"https:\/\/saborealapalma.es\/blog\/2024\/08\/02\/el-cabildo-celebrara-en-noviembre-en-fuencaliente-el-primer-festival-gastronomico-saborea-la-palma\/"},"author":{"name":"Saborea La Palma","@id":"https:\/\/saborealapalma.es\/#\/schema\/person\/5184c05828c0a459bbca73a6b4e6b4dc"},"headline":"El Cabildo celebrar\u00e1 en noviembre en Fuencaliente el primer Festival Gastron\u00f3mico Saborea La Palma","datePublished":"2024-08-02T17:25:32+00:00","dateModified":"2024-08-04T17:28:53+00:00","mainEntityOfPage":{"@id":"https:\/\/saborealapalma.es\/blog\/2024\/08\/02\/el-cabildo-celebrara-en-noviembre-en-fuencaliente-el-primer-festival-gastronomico-saborea-la-palma\/"},"wordCount":716,"image":{"@id":"https:\/\/saborealapalma.es\/blog\/2024\/08\/02\/el-cabildo-celebrara-en-noviembre-en-fuencaliente-el-primer-festival-gastronomico-saborea-la-palma\/#primaryimage"},"thumbnailUrl":"https:\/\/saborealapalma.es\/wp-content\/uploads\/2024\/08\/Festival_Gastronomico-scaled.jpg","articleSection":["Blog Saborea","Noticias Saborea"],"inLanguage":"en-GB"},{"@type":"WebPage","@id":"https:\/\/saborealapalma.es\/blog\/2024\/08\/02\/el-cabildo-celebrara-en-noviembre-en-fuencaliente-el-primer-festival-gastronomico-saborea-la-palma\/","url":"https:\/\/saborealapalma.es\/blog\/2024\/08\/02\/el-cabildo-celebrara-en-noviembre-en-fuencaliente-el-primer-festival-gastronomico-saborea-la-palma\/","name":"El Cabildo celebrar\u00e1 en noviembre en Fuencaliente el primer Festival Gastron\u00f3mico Saborea La Palma - Saborea La Palma","isPartOf":{"@id":"https:\/\/saborealapalma.es\/#website"},"primaryImageOfPage":{"@id":"https:\/\/saborealapalma.es\/blog\/2024\/08\/02\/el-cabildo-celebrara-en-noviembre-en-fuencaliente-el-primer-festival-gastronomico-saborea-la-palma\/#primaryimage"},"image":{"@id":"https:\/\/saborealapalma.es\/blog\/2024\/08\/02\/el-cabildo-celebrara-en-noviembre-en-fuencaliente-el-primer-festival-gastronomico-saborea-la-palma\/#primaryimage"},"thumbnailUrl":"https:\/\/saborealapalma.es\/wp-content\/uploads\/2024\/08\/Festival_Gastronomico-scaled.jpg","datePublished":"2024-08-02T17:25:32+00:00","dateModified":"2024-08-04T17:28:53+00:00","author":{"@id":"https:\/\/saborealapalma.es\/#\/schema\/person\/5184c05828c0a459bbca73a6b4e6b4dc"},"breadcrumb":{"@id":"https:\/\/saborealapalma.es\/blog\/2024\/08\/02\/el-cabildo-celebrara-en-noviembre-en-fuencaliente-el-primer-festival-gastronomico-saborea-la-palma\/#breadcrumb"},"inLanguage":"en-GB","potentialAction":[{"@type":"ReadAction","target":["https:\/\/saborealapalma.es\/blog\/2024\/08\/02\/el-cabildo-celebrara-en-noviembre-en-fuencaliente-el-primer-festival-gastronomico-saborea-la-palma\/"]}]},{"@type":"ImageObject","inLanguage":"en-GB","@id":"https:\/\/saborealapalma.es\/blog\/2024\/08\/02\/el-cabildo-celebrara-en-noviembre-en-fuencaliente-el-primer-festival-gastronomico-saborea-la-palma\/#primaryimage","url":"https:\/\/saborealapalma.es\/wp-content\/uploads\/2024\/08\/Festival_Gastronomico-scaled.jpg","contentUrl":"https:\/\/saborealapalma.es\/wp-content\/uploads\/2024\/08\/Festival_Gastronomico-scaled.jpg","width":2560,"height":1920},{"@type":"BreadcrumbList","@id":"https:\/\/saborealapalma.es\/blog\/2024\/08\/02\/el-cabildo-celebrara-en-noviembre-en-fuencaliente-el-primer-festival-gastronomico-saborea-la-palma\/#breadcrumb","itemListElement":[{"@type":"ListItem","position":1,"name":"Portada","item":"https:\/\/saborealapalma.es\/"},{"@type":"ListItem","position":2,"name":"El Cabildo celebrar\u00e1 en noviembre en Fuencaliente el primer Festival Gastron\u00f3mico Saborea La Palma"}]},{"@type":"WebSite","@id":"https:\/\/saborealapalma.es\/#website","url":"https:\/\/saborealapalma.es\/","name":"Taste La Palma","description":"Saborea La Palma is the project led by the Sociedad de Promoci\u00f3n Econ\u00f3mica de La Palma (SODEPAL S.A.U.M.P), a public company dependent on the Cabildo Insular de La Palma, for the revaluation and positioning of La Palma's gastronomy in regional, national and international markets.","potentialAction":[{"@type":"SearchAction","target":{"@type":"EntryPoint","urlTemplate":"https:\/\/saborealapalma.es\/?s={search_term_string}"},"query-input":{"@type":"PropertyValueSpecification","valueRequired":true,"valueName":"search_term_string"}}],"inLanguage":"en-GB"},{"@type":"Person","@id":"https:\/\/saborealapalma.es\/#\/schema\/person\/5184c05828c0a459bbca73a6b4e6b4dc","name":"Taste La Palma","url":"https:\/\/saborealapalma.es\/en\/blog\/author\/ivcabeza\/"}]}},"_links":{"self":[{"href":"https:\/\/saborealapalma.es\/en\/wp-json\/wp\/v2\/posts\/6946","targetHints":{"allow":["GET"]}}],"collection":[{"href":"https:\/\/saborealapalma.es\/en\/wp-json\/wp\/v2\/posts"}],"about":[{"href":"https:\/\/saborealapalma.es\/en\/wp-json\/wp\/v2\/types\/post"}],"author":[{"embeddable":true,"href":"https:\/\/saborealapalma.es\/en\/wp-json\/wp\/v2\/users\/4"}],"replies":[{"embeddable":true,"href":"https:\/\/saborealapalma.es\/en\/wp-json\/wp\/v2\/comments?post=6946"}],"version-history":[{"count":4,"href":"https:\/\/saborealapalma.es\/en\/wp-json\/wp\/v2\/posts\/6946\/revisions"}],"predecessor-version":[{"id":6952,"href":"https:\/\/saborealapalma.es\/en\/wp-json\/wp\/v2\/posts\/6946\/revisions\/6952"}],"wp:featuredmedia":[{"embeddable":true,"href":"https:\/\/saborealapalma.es\/en\/wp-json\/wp\/v2\/media\/6948"}],"wp:attachment":[{"href":"https:\/\/saborealapalma.es\/en\/wp-json\/wp\/v2\/media?parent=6946"}],"wp:term":[{"taxonomy":"category","embeddable":true,"href":"https:\/\/saborealapalma.es\/en\/wp-json\/wp\/v2\/categories?post=6946"},{"taxonomy":"post_tag","embeddable":true,"href":"https:\/\/saborealapalma.es\/en\/wp-json\/wp\/v2\/tags?post=6946"}],"curies":[{"name":"wp","href":"https:\/\/api.w.org\/{rel}","templated":true}]}}