{"id":8768,"date":"2025-05-23T19:37:05","date_gmt":"2025-05-23T18:37:05","guid":{"rendered":"https:\/\/saborealapalma.es\/?p=8768"},"modified":"2025-05-26T19:41:03","modified_gmt":"2025-05-26T18:41:03","slug":"el-cabildo-promociona-el-sector-vitivinicola-en-el-salon-profesional-vinos-la-palma","status":"publish","type":"post","link":"https:\/\/saborealapalma.es\/en\/blog\/2025\/05\/23\/el-cabildo-promociona-el-sector-vitivinicola-en-el-salon-profesional-vinos-la-palma\/","title":{"rendered":"The Cabildo promotes the wine sector at the Sal\u00f3n Profesional Vinos La Palma (La Palma Wine Show)"},"content":{"rendered":"<div data-elementor-type=\"wp-page\" data-elementor-id=\"8768\" class=\"elementor elementor-8768\" data-elementor-post-type=\"post\">\n\t\t\t\t\t\t<section data-particle_enable=\"false\" data-particle-mobile-disabled=\"false\" class=\"elementor-section elementor-top-section elementor-element elementor-element-6b8a763 elementor-section-boxed elementor-section-height-default elementor-section-height-default parallax_section_no qode_elementor_container_no\" data-id=\"6b8a763\" data-element_type=\"section\" data-e-type=\"section\">\n\t\t\t\t\t\t<div class=\"elementor-container elementor-column-gap-default\">\n\t\t\t\t\t<div class=\"elementor-column elementor-col-100 elementor-top-column elementor-element elementor-element-0ef133e\" data-id=\"0ef133e\" data-element_type=\"column\" data-e-type=\"column\">\n\t\t\t<div class=\"elementor-widget-wrap elementor-element-populated\">\n\t\t\t\t\t\t<div class=\"elementor-element elementor-element-e17bf48 elementor-widget elementor-widget-text-editor\" data-id=\"e17bf48\" data-element_type=\"widget\" data-e-type=\"widget\" data-widget_type=\"text-editor.default\">\n\t\t\t\t<div class=\"elementor-widget-container\">\n\t\t\t\t\t\t\t\t\t<div class=\"field field--name-field-noticias-entradilla field--type-text-long field--label-hidden field--item\"><div class=\"field field--name-field-noticias-entradilla field--type-text-long field--label-hidden field--item\"><div class=\"field field--name-field-noticias-entradilla field--type-text-long field--label-hidden field--item\"><div class=\"field field--name-field-noticias-entradilla field--type-text-long field--label-hidden field--item\"><div class=\"field field--name-field-noticias-entradilla field--type-text-long field--label-hidden field--item\"><div class=\"field field--name-field-noticias-entradilla field--type-text-long field--label-hidden field--item\"><h4>The Casa Salazar and the Espacio Cultural Cajacanarias will be the venues for this event, which has the collaboration of the Government of the Canary Islands, through the ICCA, and which will be held on 4 and 5 November.<\/h4><\/div><div class=\"field field--name-body field--type-text-with-summary field--label-hidden field--item\"><p>The Cabildo de La Palma presents the Sal\u00f3n Profesional Vinos La Palma, a meeting organised in collaboration with the Instituto Canario de Calidad Agroalimentaria (ICCA) that will take place at the Casa Salazar and the Espacio Cultural Cajacanarias in Santa Cruz de La Palma on the 4th and 5th of November, with the participation of different professionals and entities from the wine sector. In addition, the Regulatory Council for the Protected Designation of Origin of Vinos de La Palma will also be present.<\/p><p>The presentation ceremony was attended by the president of the Cabildo of La Palma, Sergio Rodr\u00edguez; the councillor for Agriculture, Livestock, Fisheries, Food Sovereignty and Animal Welfare, Alberto Paz; the General of the Instituto Canario de Calidad Agroalimentaria, Luis Arr\u00e1ez, and the president of the Consejo Regulador de la Denominaci\u00f3n de Origen Vinos La Palma, Ra\u00fal Meli\u00e1n.<\/p><p>The island's president, Sergio Rodr\u00edguez, stresses that this project \"arises from the very lifeblood of our land, at the proposal of the island's wine sector, through the Regulatory Council of the Denomination of Origin Vinos La Palma, and from the interest shown directly by the wineries that have signed up to this brand. This shows that when the sector unites, and when the institutions listen and support, great projects become reality\".<\/p><p>The Regional Minister for Agriculture, Alberto Paz, points out that this action \"aims to provide the vision of experts who will explain precise aspects of knowledge of one of the most important products of our gastronomy\".<\/p><p>\"The Wine Fair is also an opportunity for the wineries to showcase their products, whether wines or wine tourism, in direct contact with professionals from the sector,\" added the councillor.<\/p><p>For his part, the director of the ICCA, Luis Arr\u00e1ez Guadalupe, pointed out that this collaboration is part of the promotional and marketing support actions for the archipelago's differentiated quality products that the Canary Islands government carries out throughout the year, and stressed the importance of this type of professional forum \"to continue promoting the archipelago's wine sector, particularly that of La Palma, and the activities linked to it, such as wine tourism, a segment in which the island has great potential\".<\/p><p>During the two days of the event, there will be informative talks at the Espacio Cultural CajaCanarias, between 17:00 and 20:00, where attendees can learn more about the wine sector, such as the study of vine varieties, wine marketing, brand positioning or the associative movement of the designations of origin.<\/p><p>On the 4th of November, the Wine Fair will take place at the Casa Salazar, an exclusive event for professionals in the sector, where they will be able to discover the wines of La Palma in depth, establish contacts and synergies between producers, distributors, restaurateurs and other agents in the oenological field. Participation in this event requires prior registration, at\u00a0<a href=\"https:\/\/canalagrariolapalma.com\/\" target=\"_blank\" rel=\"noopener\">https:\/\/canalagrariolapalma.com<\/a>\u00a0<\/p><\/div><\/div><\/div><\/div><\/div><\/div>\t\t\t\t\t\t\t\t<\/div>\n\t\t\t\t<\/div>\n\t\t\t\t\t<\/div>\n\t\t<\/div>\n\t\t\t\t\t<\/div>\n\t\t<\/section>\n\t\t\t\t<\/div>","protected":false},"excerpt":{"rendered":"<p>The Casa Salazar and the Espacio Cultural Cajacanarias will be the venues for this event, which has the collaboration of the Government of the Canary Islands, through the ICCA, and which will be held on the 4th and 5th of November. The Cabildo de La Palma presents the Sal\u00f3n Profesional Vinos La Palma, a...<\/p>","protected":false},"author":4,"featured_media":8770,"comment_status":"closed","ping_status":"closed","sticky":false,"template":"","format":"standard","meta":{"footnotes":""},"categories":[1,21],"tags":[],"class_list":["post-8768","post","type-post","status-publish","format-standard","has-post-thumbnail","hentry","category-blogsaborea","category-noticias-saborea"],"yoast_head":"<!-- This site is optimized with the Yoast SEO plugin v27.5 - https:\/\/yoast.com\/product\/yoast-seo-wordpress\/ -->\n<title>El Cabildo promociona el sector vitivin\u00edcola en el Sal\u00f3n Profesional Vinos La Palma - Saborea La Palma<\/title>\n<meta name=\"robots\" content=\"index, follow, max-snippet:-1, max-image-preview:large, max-video-preview:-1\" \/>\n<link rel=\"canonical\" href=\"https:\/\/saborealapalma.es\/en\/blog\/2025\/05\/23\/el-cabildo-promociona-el-sector-vitivinicola-en-el-salon-profesional-vinos-la-palma\/\" \/>\n<meta property=\"og:locale\" content=\"en_GB\" \/>\n<meta property=\"og:type\" content=\"article\" \/>\n<meta property=\"og:title\" content=\"El Cabildo promociona el sector vitivin\u00edcola en el Sal\u00f3n Profesional Vinos La Palma - Saborea La Palma\" \/>\n<meta property=\"og:description\" content=\"La Casa Salazar y el Espacio Cultural Cajacanarias ser\u00e1n las sedes de este evento que cuenta con la colaboraci\u00f3n del Gobierno de Canarias, a trav\u00e9s del ICCA, y que se celebrar\u00e1 los pr\u00f3ximos 4 y 5 de noviembre. El Cabildo de La Palma presenta el Sal\u00f3n Profesional Vinos La Palma,...\" \/>\n<meta property=\"og:url\" content=\"https:\/\/saborealapalma.es\/en\/blog\/2025\/05\/23\/el-cabildo-promociona-el-sector-vitivinicola-en-el-salon-profesional-vinos-la-palma\/\" \/>\n<meta property=\"og:site_name\" content=\"Saborea La Palma\" \/>\n<meta property=\"article:published_time\" content=\"2025-05-23T18:37:05+00:00\" \/>\n<meta property=\"article:modified_time\" content=\"2025-05-26T18:41:03+00:00\" \/>\n<meta property=\"og:image\" content=\"https:\/\/saborealapalma.es\/wp-content\/uploads\/2025\/05\/Vinos_LaPalma-scaled.jpg\" \/>\n\t<meta property=\"og:image:width\" content=\"2560\" \/>\n\t<meta property=\"og:image:height\" content=\"1183\" \/>\n\t<meta property=\"og:image:type\" content=\"image\/jpeg\" \/>\n<meta name=\"author\" content=\"Saborea La Palma\" \/>\n<meta name=\"twitter:card\" content=\"summary_large_image\" \/>\n<meta name=\"twitter:label1\" content=\"Written by\" \/>\n\t<meta name=\"twitter:data1\" content=\"Saborea La Palma\" \/>\n\t<meta name=\"twitter:label2\" content=\"Estimated reading time\" \/>\n\t<meta name=\"twitter:data2\" content=\"3 minutes\" \/>\n<script type=\"application\/ld+json\" class=\"yoast-schema-graph\">{\"@context\":\"https:\\\/\\\/schema.org\",\"@graph\":[{\"@type\":\"Article\",\"@id\":\"https:\\\/\\\/saborealapalma.es\\\/blog\\\/2025\\\/05\\\/23\\\/el-cabildo-promociona-el-sector-vitivinicola-en-el-salon-profesional-vinos-la-palma\\\/#article\",\"isPartOf\":{\"@id\":\"https:\\\/\\\/saborealapalma.es\\\/blog\\\/2025\\\/05\\\/23\\\/el-cabildo-promociona-el-sector-vitivinicola-en-el-salon-profesional-vinos-la-palma\\\/\"},\"author\":{\"name\":\"Saborea La Palma\",\"@id\":\"https:\\\/\\\/saborealapalma.es\\\/#\\\/schema\\\/person\\\/5184c05828c0a459bbca73a6b4e6b4dc\"},\"headline\":\"El Cabildo promociona el sector vitivin\u00edcola en el Sal\u00f3n Profesional Vinos La Palma\",\"datePublished\":\"2025-05-23T18:37:05+00:00\",\"dateModified\":\"2025-05-26T18:41:03+00:00\",\"mainEntityOfPage\":{\"@id\":\"https:\\\/\\\/saborealapalma.es\\\/blog\\\/2025\\\/05\\\/23\\\/el-cabildo-promociona-el-sector-vitivinicola-en-el-salon-profesional-vinos-la-palma\\\/\"},\"wordCount\":575,\"image\":{\"@id\":\"https:\\\/\\\/saborealapalma.es\\\/blog\\\/2025\\\/05\\\/23\\\/el-cabildo-promociona-el-sector-vitivinicola-en-el-salon-profesional-vinos-la-palma\\\/#primaryimage\"},\"thumbnailUrl\":\"https:\\\/\\\/saborealapalma.es\\\/wp-content\\\/uploads\\\/2025\\\/05\\\/Vinos_LaPalma-scaled.jpg\",\"articleSection\":[\"Blog Saborea\",\"Noticias Saborea\"],\"inLanguage\":\"en-GB\"},{\"@type\":\"WebPage\",\"@id\":\"https:\\\/\\\/saborealapalma.es\\\/blog\\\/2025\\\/05\\\/23\\\/el-cabildo-promociona-el-sector-vitivinicola-en-el-salon-profesional-vinos-la-palma\\\/\",\"url\":\"https:\\\/\\\/saborealapalma.es\\\/blog\\\/2025\\\/05\\\/23\\\/el-cabildo-promociona-el-sector-vitivinicola-en-el-salon-profesional-vinos-la-palma\\\/\",\"name\":\"El Cabildo promociona el sector vitivin\u00edcola en el Sal\u00f3n Profesional Vinos La Palma - Saborea La Palma\",\"isPartOf\":{\"@id\":\"https:\\\/\\\/saborealapalma.es\\\/#website\"},\"primaryImageOfPage\":{\"@id\":\"https:\\\/\\\/saborealapalma.es\\\/blog\\\/2025\\\/05\\\/23\\\/el-cabildo-promociona-el-sector-vitivinicola-en-el-salon-profesional-vinos-la-palma\\\/#primaryimage\"},\"image\":{\"@id\":\"https:\\\/\\\/saborealapalma.es\\\/blog\\\/2025\\\/05\\\/23\\\/el-cabildo-promociona-el-sector-vitivinicola-en-el-salon-profesional-vinos-la-palma\\\/#primaryimage\"},\"thumbnailUrl\":\"https:\\\/\\\/saborealapalma.es\\\/wp-content\\\/uploads\\\/2025\\\/05\\\/Vinos_LaPalma-scaled.jpg\",\"datePublished\":\"2025-05-23T18:37:05+00:00\",\"dateModified\":\"2025-05-26T18:41:03+00:00\",\"author\":{\"@id\":\"https:\\\/\\\/saborealapalma.es\\\/#\\\/schema\\\/person\\\/5184c05828c0a459bbca73a6b4e6b4dc\"},\"breadcrumb\":{\"@id\":\"https:\\\/\\\/saborealapalma.es\\\/blog\\\/2025\\\/05\\\/23\\\/el-cabildo-promociona-el-sector-vitivinicola-en-el-salon-profesional-vinos-la-palma\\\/#breadcrumb\"},\"inLanguage\":\"en-GB\",\"potentialAction\":[{\"@type\":\"ReadAction\",\"target\":[\"https:\\\/\\\/saborealapalma.es\\\/blog\\\/2025\\\/05\\\/23\\\/el-cabildo-promociona-el-sector-vitivinicola-en-el-salon-profesional-vinos-la-palma\\\/\"]}]},{\"@type\":\"ImageObject\",\"inLanguage\":\"en-GB\",\"@id\":\"https:\\\/\\\/saborealapalma.es\\\/blog\\\/2025\\\/05\\\/23\\\/el-cabildo-promociona-el-sector-vitivinicola-en-el-salon-profesional-vinos-la-palma\\\/#primaryimage\",\"url\":\"https:\\\/\\\/saborealapalma.es\\\/wp-content\\\/uploads\\\/2025\\\/05\\\/Vinos_LaPalma-scaled.jpg\",\"contentUrl\":\"https:\\\/\\\/saborealapalma.es\\\/wp-content\\\/uploads\\\/2025\\\/05\\\/Vinos_LaPalma-scaled.jpg\",\"width\":2560,\"height\":1183},{\"@type\":\"BreadcrumbList\",\"@id\":\"https:\\\/\\\/saborealapalma.es\\\/blog\\\/2025\\\/05\\\/23\\\/el-cabildo-promociona-el-sector-vitivinicola-en-el-salon-profesional-vinos-la-palma\\\/#breadcrumb\",\"itemListElement\":[{\"@type\":\"ListItem\",\"position\":1,\"name\":\"Portada\",\"item\":\"https:\\\/\\\/saborealapalma.es\\\/\"},{\"@type\":\"ListItem\",\"position\":2,\"name\":\"El Cabildo promociona el sector vitivin\u00edcola en el Sal\u00f3n Profesional Vinos La Palma\"}]},{\"@type\":\"WebSite\",\"@id\":\"https:\\\/\\\/saborealapalma.es\\\/#website\",\"url\":\"https:\\\/\\\/saborealapalma.es\\\/\",\"name\":\"Saborea La Palma\",\"description\":\"Saborea La Palma es el proyecto que lidera la Sociedad de Promoci\u00f3n Econ\u00f3mica de La Palma (SODEPAL S.A.U.M.P), empresa p\u00fablica dependiente de Cabildo Insular de La Palma, para la revalorizaci\u00f3n y el posicionamiento de la gastronom\u00eda palmera en los mercados regionales, nacionales e internacionales.\",\"potentialAction\":[{\"@type\":\"SearchAction\",\"target\":{\"@type\":\"EntryPoint\",\"urlTemplate\":\"https:\\\/\\\/saborealapalma.es\\\/?s={search_term_string}\"},\"query-input\":{\"@type\":\"PropertyValueSpecification\",\"valueRequired\":true,\"valueName\":\"search_term_string\"}}],\"inLanguage\":\"en-GB\"},{\"@type\":\"Person\",\"@id\":\"https:\\\/\\\/saborealapalma.es\\\/#\\\/schema\\\/person\\\/5184c05828c0a459bbca73a6b4e6b4dc\",\"name\":\"Saborea La Palma\",\"url\":\"https:\\\/\\\/saborealapalma.es\\\/en\\\/blog\\\/author\\\/ivcabeza\\\/\"}]}<\/script>\n<!-- \/ Yoast SEO plugin. -->","yoast_head_json":{"title":"El Cabildo promociona el sector vitivin\u00edcola en el Sal\u00f3n Profesional Vinos La Palma - Saborea La Palma","robots":{"index":"index","follow":"follow","max-snippet":"max-snippet:-1","max-image-preview":"max-image-preview:large","max-video-preview":"max-video-preview:-1"},"canonical":"https:\/\/saborealapalma.es\/en\/blog\/2025\/05\/23\/el-cabildo-promociona-el-sector-vitivinicola-en-el-salon-profesional-vinos-la-palma\/","og_locale":"en_GB","og_type":"article","og_title":"El Cabildo promociona el sector vitivin\u00edcola en el Sal\u00f3n Profesional Vinos La Palma - Saborea La Palma","og_description":"La Casa Salazar y el Espacio Cultural Cajacanarias ser\u00e1n las sedes de este evento que cuenta con la colaboraci\u00f3n del Gobierno de Canarias, a trav\u00e9s del ICCA, y que se celebrar\u00e1 los pr\u00f3ximos 4 y 5 de noviembre. El Cabildo de La Palma presenta el Sal\u00f3n Profesional Vinos La Palma,...","og_url":"https:\/\/saborealapalma.es\/en\/blog\/2025\/05\/23\/el-cabildo-promociona-el-sector-vitivinicola-en-el-salon-profesional-vinos-la-palma\/","og_site_name":"Saborea La Palma","article_published_time":"2025-05-23T18:37:05+00:00","article_modified_time":"2025-05-26T18:41:03+00:00","og_image":[{"width":2560,"height":1183,"url":"https:\/\/saborealapalma.es\/wp-content\/uploads\/2025\/05\/Vinos_LaPalma-scaled.jpg","type":"image\/jpeg"}],"author":"Saborea La Palma","twitter_card":"summary_large_image","twitter_misc":{"Written by":"Saborea La Palma","Estimated reading time":"3 minutes"},"schema":{"@context":"https:\/\/schema.org","@graph":[{"@type":"Article","@id":"https:\/\/saborealapalma.es\/blog\/2025\/05\/23\/el-cabildo-promociona-el-sector-vitivinicola-en-el-salon-profesional-vinos-la-palma\/#article","isPartOf":{"@id":"https:\/\/saborealapalma.es\/blog\/2025\/05\/23\/el-cabildo-promociona-el-sector-vitivinicola-en-el-salon-profesional-vinos-la-palma\/"},"author":{"name":"Saborea La Palma","@id":"https:\/\/saborealapalma.es\/#\/schema\/person\/5184c05828c0a459bbca73a6b4e6b4dc"},"headline":"El Cabildo promociona el sector vitivin\u00edcola en el Sal\u00f3n Profesional Vinos La Palma","datePublished":"2025-05-23T18:37:05+00:00","dateModified":"2025-05-26T18:41:03+00:00","mainEntityOfPage":{"@id":"https:\/\/saborealapalma.es\/blog\/2025\/05\/23\/el-cabildo-promociona-el-sector-vitivinicola-en-el-salon-profesional-vinos-la-palma\/"},"wordCount":575,"image":{"@id":"https:\/\/saborealapalma.es\/blog\/2025\/05\/23\/el-cabildo-promociona-el-sector-vitivinicola-en-el-salon-profesional-vinos-la-palma\/#primaryimage"},"thumbnailUrl":"https:\/\/saborealapalma.es\/wp-content\/uploads\/2025\/05\/Vinos_LaPalma-scaled.jpg","articleSection":["Blog Saborea","Noticias Saborea"],"inLanguage":"en-GB"},{"@type":"WebPage","@id":"https:\/\/saborealapalma.es\/blog\/2025\/05\/23\/el-cabildo-promociona-el-sector-vitivinicola-en-el-salon-profesional-vinos-la-palma\/","url":"https:\/\/saborealapalma.es\/blog\/2025\/05\/23\/el-cabildo-promociona-el-sector-vitivinicola-en-el-salon-profesional-vinos-la-palma\/","name":"El Cabildo promociona el sector vitivin\u00edcola en el Sal\u00f3n Profesional Vinos La Palma - Saborea La Palma","isPartOf":{"@id":"https:\/\/saborealapalma.es\/#website"},"primaryImageOfPage":{"@id":"https:\/\/saborealapalma.es\/blog\/2025\/05\/23\/el-cabildo-promociona-el-sector-vitivinicola-en-el-salon-profesional-vinos-la-palma\/#primaryimage"},"image":{"@id":"https:\/\/saborealapalma.es\/blog\/2025\/05\/23\/el-cabildo-promociona-el-sector-vitivinicola-en-el-salon-profesional-vinos-la-palma\/#primaryimage"},"thumbnailUrl":"https:\/\/saborealapalma.es\/wp-content\/uploads\/2025\/05\/Vinos_LaPalma-scaled.jpg","datePublished":"2025-05-23T18:37:05+00:00","dateModified":"2025-05-26T18:41:03+00:00","author":{"@id":"https:\/\/saborealapalma.es\/#\/schema\/person\/5184c05828c0a459bbca73a6b4e6b4dc"},"breadcrumb":{"@id":"https:\/\/saborealapalma.es\/blog\/2025\/05\/23\/el-cabildo-promociona-el-sector-vitivinicola-en-el-salon-profesional-vinos-la-palma\/#breadcrumb"},"inLanguage":"en-GB","potentialAction":[{"@type":"ReadAction","target":["https:\/\/saborealapalma.es\/blog\/2025\/05\/23\/el-cabildo-promociona-el-sector-vitivinicola-en-el-salon-profesional-vinos-la-palma\/"]}]},{"@type":"ImageObject","inLanguage":"en-GB","@id":"https:\/\/saborealapalma.es\/blog\/2025\/05\/23\/el-cabildo-promociona-el-sector-vitivinicola-en-el-salon-profesional-vinos-la-palma\/#primaryimage","url":"https:\/\/saborealapalma.es\/wp-content\/uploads\/2025\/05\/Vinos_LaPalma-scaled.jpg","contentUrl":"https:\/\/saborealapalma.es\/wp-content\/uploads\/2025\/05\/Vinos_LaPalma-scaled.jpg","width":2560,"height":1183},{"@type":"BreadcrumbList","@id":"https:\/\/saborealapalma.es\/blog\/2025\/05\/23\/el-cabildo-promociona-el-sector-vitivinicola-en-el-salon-profesional-vinos-la-palma\/#breadcrumb","itemListElement":[{"@type":"ListItem","position":1,"name":"Portada","item":"https:\/\/saborealapalma.es\/"},{"@type":"ListItem","position":2,"name":"El Cabildo promociona el sector vitivin\u00edcola en el Sal\u00f3n Profesional Vinos La Palma"}]},{"@type":"WebSite","@id":"https:\/\/saborealapalma.es\/#website","url":"https:\/\/saborealapalma.es\/","name":"Taste La Palma","description":"Saborea La Palma is the project led by the Sociedad de Promoci\u00f3n Econ\u00f3mica de La Palma (SODEPAL S.A.U.M.P), a public company dependent on the Cabildo Insular de La Palma, for the revaluation and positioning of La Palma's gastronomy in regional, national and international markets.","potentialAction":[{"@type":"SearchAction","target":{"@type":"EntryPoint","urlTemplate":"https:\/\/saborealapalma.es\/?s={search_term_string}"},"query-input":{"@type":"PropertyValueSpecification","valueRequired":true,"valueName":"search_term_string"}}],"inLanguage":"en-GB"},{"@type":"Person","@id":"https:\/\/saborealapalma.es\/#\/schema\/person\/5184c05828c0a459bbca73a6b4e6b4dc","name":"Taste La Palma","url":"https:\/\/saborealapalma.es\/en\/blog\/author\/ivcabeza\/"}]}},"_links":{"self":[{"href":"https:\/\/saborealapalma.es\/en\/wp-json\/wp\/v2\/posts\/8768","targetHints":{"allow":["GET"]}}],"collection":[{"href":"https:\/\/saborealapalma.es\/en\/wp-json\/wp\/v2\/posts"}],"about":[{"href":"https:\/\/saborealapalma.es\/en\/wp-json\/wp\/v2\/types\/post"}],"author":[{"embeddable":true,"href":"https:\/\/saborealapalma.es\/en\/wp-json\/wp\/v2\/users\/4"}],"replies":[{"embeddable":true,"href":"https:\/\/saborealapalma.es\/en\/wp-json\/wp\/v2\/comments?post=8768"}],"version-history":[{"count":7,"href":"https:\/\/saborealapalma.es\/en\/wp-json\/wp\/v2\/posts\/8768\/revisions"}],"predecessor-version":[{"id":8776,"href":"https:\/\/saborealapalma.es\/en\/wp-json\/wp\/v2\/posts\/8768\/revisions\/8776"}],"wp:featuredmedia":[{"embeddable":true,"href":"https:\/\/saborealapalma.es\/en\/wp-json\/wp\/v2\/media\/8770"}],"wp:attachment":[{"href":"https:\/\/saborealapalma.es\/en\/wp-json\/wp\/v2\/media?parent=8768"}],"wp:term":[{"taxonomy":"category","embeddable":true,"href":"https:\/\/saborealapalma.es\/en\/wp-json\/wp\/v2\/categories?post=8768"},{"taxonomy":"post_tag","embeddable":true,"href":"https:\/\/saborealapalma.es\/en\/wp-json\/wp\/v2\/tags?post=8768"}],"curies":[{"name":"wp","href":"https:\/\/api.w.org\/{rel}","templated":true}]}}