{"id":1862,"date":"2021-12-14T13:32:06","date_gmt":"2021-12-14T13:32:06","guid":{"rendered":"http:\/\/saborealapalma.es\/?p=1862"},"modified":"2021-12-14T13:32:06","modified_gmt":"2021-12-14T13:32:06","slug":"el-duende-del-fuego-de-pedro-hernandez-premio-mejor-restaurante-consume-canario","status":"publish","type":"post","link":"https:\/\/saborealapalma.es\/fr\/blog\/2021\/12\/14\/el-duende-del-fuego-de-pedro-hernandez-premio-mejor-restaurante-consume-canario\/","title":{"rendered":"El Duende del Fuego, de Pedro Hern\u00e1ndez, Prix du meilleur restaurant #CONSUME CANARIO"},"content":{"rendered":"<p><strong>Prix du meilleur restaurant #CONSUME CANARIO<\/strong>\u00a0pour Pedro Hern\u00e1ndez, de El Duende del Fuego, \u00e0 Los Llanos de Aridane, qui non seulement s'est engag\u00e9 \u00e0 respecter le Kilom\u00e8tre 0, mais qui a aussi pour vocation de faire en sorte que son restaurant convienne \u00e0 tous, y compris \u00e0 ceux qui souffrent d'allergies ou d'intol\u00e9rances.<\/p>\n<p><img fetchpriority=\"high\" decoding=\"async\" class=\"wp-image-1864 aligncenter\" src=\"http:\/\/saborealapalma.es\/wp-content\/uploads\/2021\/12\/premio3-300x300.jpg\" alt=\"\" width=\"425\" height=\"425\" srcset=\"https:\/\/saborealapalma.es\/wp-content\/uploads\/2021\/12\/premio3-300x300.jpg 300w, https:\/\/saborealapalma.es\/wp-content\/uploads\/2021\/12\/premio3-150x150.jpg 150w, https:\/\/saborealapalma.es\/wp-content\/uploads\/2021\/12\/premio3-768x768.jpg 768w, https:\/\/saborealapalma.es\/wp-content\/uploads\/2021\/12\/premio3-570x570.jpg 570w, https:\/\/saborealapalma.es\/wp-content\/uploads\/2021\/12\/premio3-500x500.jpg 500w, https:\/\/saborealapalma.es\/wp-content\/uploads\/2021\/12\/premio3-1000x1000.jpg 1000w, https:\/\/saborealapalma.es\/wp-content\/uploads\/2021\/12\/premio3-700x700.jpg 700w, https:\/\/saborealapalma.es\/wp-content\/uploads\/2021\/12\/premio3-600x600.jpg 600w, https:\/\/saborealapalma.es\/wp-content\/uploads\/2021\/12\/premio3-100x100.jpg 100w, https:\/\/saborealapalma.es\/wp-content\/uploads\/2021\/12\/premio3.jpg 1024w\" sizes=\"(max-width: 425px) 100vw, 425px\" \/><\/p>","protected":false},"excerpt":{"rendered":"<p>Le prix du meilleur restaurant #CONSUME CANARIO est d\u00e9cern\u00e9 \u00e0 Pedro Hern\u00e1ndez, de El Duende del Fuego, \u00e0 Los Llanos de Aridane, qui s'est non seulement engag\u00e9 \u00e0 respecter le kilom\u00e8tre 0, mais qui a \u00e9galement pour vocation de faire en sorte que son restaurant convienne \u00e0 tout le monde, y compris aux personnes souffrant d'allergies ou d'intol\u00e9rances.<\/p>","protected":false},"author":4,"featured_media":1865,"comment_status":"closed","ping_status":"closed","sticky":false,"template":"","format":"standard","meta":{"footnotes":""},"categories":[1,21],"tags":[],"class_list":["post-1862","post","type-post","status-publish","format-standard","has-post-thumbnail","hentry","category-blogsaborea","category-noticias-saborea"],"yoast_head":"<!-- This site is optimized with the Yoast SEO plugin v27.5 - https:\/\/yoast.com\/product\/yoast-seo-wordpress\/ -->\n<title>El Duende del Fuego, de Pedro Hern\u00e1ndez, Premio Mejor Restaurante #CONSUME CANARIO - Saborea La Palma<\/title>\n<meta name=\"robots\" content=\"index, follow, max-snippet:-1, max-image-preview:large, max-video-preview:-1\" \/>\n<link rel=\"canonical\" href=\"https:\/\/saborealapalma.es\/fr\/blog\/2021\/12\/14\/el-duende-del-fuego-de-pedro-hernandez-premio-mejor-restaurante-consume-canario\/\" \/>\n<meta property=\"og:locale\" content=\"fr_FR\" \/>\n<meta property=\"og:type\" content=\"article\" \/>\n<meta property=\"og:title\" content=\"El Duende del Fuego, de Pedro Hern\u00e1ndez, Premio Mejor Restaurante #CONSUME CANARIO - Saborea La Palma\" \/>\n<meta property=\"og:description\" content=\"Premio Mejor Restaurante #CONSUME CANARIO\u00a0para Pedro Hern\u00e1ndez, de El Duende del Fuego, en Los Llanos de Aridane, que no solo est\u00e1 comprometido con el Kil\u00f3metro 0, sino que tambi\u00e9n mantiene la vocaci\u00f3n de que su restaurante sea apto para todos, incluidos aquellos que sufren alergias o intolerancias.\" \/>\n<meta property=\"og:url\" content=\"https:\/\/saborealapalma.es\/fr\/blog\/2021\/12\/14\/el-duende-del-fuego-de-pedro-hernandez-premio-mejor-restaurante-consume-canario\/\" \/>\n<meta property=\"og:site_name\" content=\"Saborea La Palma\" \/>\n<meta property=\"article:published_time\" content=\"2021-12-14T13:32:06+00:00\" \/>\n<meta property=\"og:image\" content=\"https:\/\/saborealapalma.es\/wp-content\/uploads\/2021\/12\/premio2.png\" \/>\n\t<meta property=\"og:image:width\" content=\"820\" \/>\n\t<meta property=\"og:image:height\" content=\"547\" \/>\n\t<meta property=\"og:image:type\" content=\"image\/png\" \/>\n<meta name=\"author\" content=\"Saborea La Palma\" \/>\n<meta name=\"twitter:card\" content=\"summary_large_image\" \/>\n<meta name=\"twitter:label1\" content=\"\u00c9crit par\" \/>\n\t<meta name=\"twitter:data1\" content=\"Saborea La Palma\" \/>\n\t<meta name=\"twitter:label2\" content=\"Dur\u00e9e de lecture estim\u00e9e\" \/>\n\t<meta name=\"twitter:data2\" content=\"1 minute\" \/>\n<script type=\"application\/ld+json\" class=\"yoast-schema-graph\">{\"@context\":\"https:\\\/\\\/schema.org\",\"@graph\":[{\"@type\":\"Article\",\"@id\":\"https:\\\/\\\/saborealapalma.es\\\/blog\\\/2021\\\/12\\\/14\\\/el-duende-del-fuego-de-pedro-hernandez-premio-mejor-restaurante-consume-canario\\\/#article\",\"isPartOf\":{\"@id\":\"https:\\\/\\\/saborealapalma.es\\\/blog\\\/2021\\\/12\\\/14\\\/el-duende-del-fuego-de-pedro-hernandez-premio-mejor-restaurante-consume-canario\\\/\"},\"author\":{\"name\":\"Saborea La Palma\",\"@id\":\"https:\\\/\\\/saborealapalma.es\\\/#\\\/schema\\\/person\\\/5184c05828c0a459bbca73a6b4e6b4dc\"},\"headline\":\"El Duende del Fuego, de Pedro Hern\u00e1ndez, Premio Mejor Restaurante #CONSUME CANARIO\",\"datePublished\":\"2021-12-14T13:32:06+00:00\",\"mainEntityOfPage\":{\"@id\":\"https:\\\/\\\/saborealapalma.es\\\/blog\\\/2021\\\/12\\\/14\\\/el-duende-del-fuego-de-pedro-hernandez-premio-mejor-restaurante-consume-canario\\\/\"},\"wordCount\":64,\"image\":{\"@id\":\"https:\\\/\\\/saborealapalma.es\\\/blog\\\/2021\\\/12\\\/14\\\/el-duende-del-fuego-de-pedro-hernandez-premio-mejor-restaurante-consume-canario\\\/#primaryimage\"},\"thumbnailUrl\":\"https:\\\/\\\/saborealapalma.es\\\/wp-content\\\/uploads\\\/2021\\\/12\\\/premio2.png\",\"articleSection\":[\"Blog Saborea\",\"Noticias Saborea\"],\"inLanguage\":\"fr-FR\"},{\"@type\":\"WebPage\",\"@id\":\"https:\\\/\\\/saborealapalma.es\\\/blog\\\/2021\\\/12\\\/14\\\/el-duende-del-fuego-de-pedro-hernandez-premio-mejor-restaurante-consume-canario\\\/\",\"url\":\"https:\\\/\\\/saborealapalma.es\\\/blog\\\/2021\\\/12\\\/14\\\/el-duende-del-fuego-de-pedro-hernandez-premio-mejor-restaurante-consume-canario\\\/\",\"name\":\"El Duende del Fuego, de Pedro Hern\u00e1ndez, Premio Mejor Restaurante #CONSUME CANARIO - Saborea La Palma\",\"isPartOf\":{\"@id\":\"https:\\\/\\\/saborealapalma.es\\\/#website\"},\"primaryImageOfPage\":{\"@id\":\"https:\\\/\\\/saborealapalma.es\\\/blog\\\/2021\\\/12\\\/14\\\/el-duende-del-fuego-de-pedro-hernandez-premio-mejor-restaurante-consume-canario\\\/#primaryimage\"},\"image\":{\"@id\":\"https:\\\/\\\/saborealapalma.es\\\/blog\\\/2021\\\/12\\\/14\\\/el-duende-del-fuego-de-pedro-hernandez-premio-mejor-restaurante-consume-canario\\\/#primaryimage\"},\"thumbnailUrl\":\"https:\\\/\\\/saborealapalma.es\\\/wp-content\\\/uploads\\\/2021\\\/12\\\/premio2.png\",\"datePublished\":\"2021-12-14T13:32:06+00:00\",\"author\":{\"@id\":\"https:\\\/\\\/saborealapalma.es\\\/#\\\/schema\\\/person\\\/5184c05828c0a459bbca73a6b4e6b4dc\"},\"breadcrumb\":{\"@id\":\"https:\\\/\\\/saborealapalma.es\\\/blog\\\/2021\\\/12\\\/14\\\/el-duende-del-fuego-de-pedro-hernandez-premio-mejor-restaurante-consume-canario\\\/#breadcrumb\"},\"inLanguage\":\"fr-FR\",\"potentialAction\":[{\"@type\":\"ReadAction\",\"target\":[\"https:\\\/\\\/saborealapalma.es\\\/blog\\\/2021\\\/12\\\/14\\\/el-duende-del-fuego-de-pedro-hernandez-premio-mejor-restaurante-consume-canario\\\/\"]}]},{\"@type\":\"ImageObject\",\"inLanguage\":\"fr-FR\",\"@id\":\"https:\\\/\\\/saborealapalma.es\\\/blog\\\/2021\\\/12\\\/14\\\/el-duende-del-fuego-de-pedro-hernandez-premio-mejor-restaurante-consume-canario\\\/#primaryimage\",\"url\":\"https:\\\/\\\/saborealapalma.es\\\/wp-content\\\/uploads\\\/2021\\\/12\\\/premio2.png\",\"contentUrl\":\"https:\\\/\\\/saborealapalma.es\\\/wp-content\\\/uploads\\\/2021\\\/12\\\/premio2.png\",\"width\":820,\"height\":547},{\"@type\":\"BreadcrumbList\",\"@id\":\"https:\\\/\\\/saborealapalma.es\\\/blog\\\/2021\\\/12\\\/14\\\/el-duende-del-fuego-de-pedro-hernandez-premio-mejor-restaurante-consume-canario\\\/#breadcrumb\",\"itemListElement\":[{\"@type\":\"ListItem\",\"position\":1,\"name\":\"Portada\",\"item\":\"https:\\\/\\\/saborealapalma.es\\\/\"},{\"@type\":\"ListItem\",\"position\":2,\"name\":\"El Duende del Fuego, de Pedro Hern\u00e1ndez, Premio Mejor Restaurante #CONSUME CANARIO\"}]},{\"@type\":\"WebSite\",\"@id\":\"https:\\\/\\\/saborealapalma.es\\\/#website\",\"url\":\"https:\\\/\\\/saborealapalma.es\\\/\",\"name\":\"Saborea La Palma\",\"description\":\"Saborea La Palma es el proyecto que lidera la Sociedad de Promoci\u00f3n Econ\u00f3mica de La Palma (SODEPAL S.A.U.M.P), empresa p\u00fablica dependiente de Cabildo Insular de La Palma, para la revalorizaci\u00f3n y el posicionamiento de la gastronom\u00eda palmera en los mercados regionales, nacionales e internacionales.\",\"potentialAction\":[{\"@type\":\"SearchAction\",\"target\":{\"@type\":\"EntryPoint\",\"urlTemplate\":\"https:\\\/\\\/saborealapalma.es\\\/?s={search_term_string}\"},\"query-input\":{\"@type\":\"PropertyValueSpecification\",\"valueRequired\":true,\"valueName\":\"search_term_string\"}}],\"inLanguage\":\"fr-FR\"},{\"@type\":\"Person\",\"@id\":\"https:\\\/\\\/saborealapalma.es\\\/#\\\/schema\\\/person\\\/5184c05828c0a459bbca73a6b4e6b4dc\",\"name\":\"Saborea La Palma\",\"url\":\"https:\\\/\\\/saborealapalma.es\\\/fr\\\/blog\\\/author\\\/ivcabeza\\\/\"}]}<\/script>\n<!-- \/ Yoast SEO plugin. -->","yoast_head_json":{"title":"El Duende del Fuego, de Pedro Hern\u00e1ndez, Premio Mejor Restaurante #CONSUME CANARIO - Saborea La Palma","robots":{"index":"index","follow":"follow","max-snippet":"max-snippet:-1","max-image-preview":"max-image-preview:large","max-video-preview":"max-video-preview:-1"},"canonical":"https:\/\/saborealapalma.es\/fr\/blog\/2021\/12\/14\/el-duende-del-fuego-de-pedro-hernandez-premio-mejor-restaurante-consume-canario\/","og_locale":"fr_FR","og_type":"article","og_title":"El Duende del Fuego, de Pedro Hern\u00e1ndez, Premio Mejor Restaurante #CONSUME CANARIO - Saborea La Palma","og_description":"Premio Mejor Restaurante #CONSUME CANARIO\u00a0para Pedro Hern\u00e1ndez, de El Duende del Fuego, en Los Llanos de Aridane, que no solo est\u00e1 comprometido con el Kil\u00f3metro 0, sino que tambi\u00e9n mantiene la vocaci\u00f3n de que su restaurante sea apto para todos, incluidos aquellos que sufren alergias o intolerancias.","og_url":"https:\/\/saborealapalma.es\/fr\/blog\/2021\/12\/14\/el-duende-del-fuego-de-pedro-hernandez-premio-mejor-restaurante-consume-canario\/","og_site_name":"Saborea La Palma","article_published_time":"2021-12-14T13:32:06+00:00","og_image":[{"width":820,"height":547,"url":"https:\/\/saborealapalma.es\/wp-content\/uploads\/2021\/12\/premio2.png","type":"image\/png"}],"author":"Saborea La Palma","twitter_card":"summary_large_image","twitter_misc":{"\u00c9crit par":"Saborea La Palma","Dur\u00e9e de lecture estim\u00e9e":"1 minute"},"schema":{"@context":"https:\/\/schema.org","@graph":[{"@type":"Article","@id":"https:\/\/saborealapalma.es\/blog\/2021\/12\/14\/el-duende-del-fuego-de-pedro-hernandez-premio-mejor-restaurante-consume-canario\/#article","isPartOf":{"@id":"https:\/\/saborealapalma.es\/blog\/2021\/12\/14\/el-duende-del-fuego-de-pedro-hernandez-premio-mejor-restaurante-consume-canario\/"},"author":{"name":"Saborea La Palma","@id":"https:\/\/saborealapalma.es\/#\/schema\/person\/5184c05828c0a459bbca73a6b4e6b4dc"},"headline":"El Duende del Fuego, de Pedro Hern\u00e1ndez, Premio Mejor Restaurante #CONSUME CANARIO","datePublished":"2021-12-14T13:32:06+00:00","mainEntityOfPage":{"@id":"https:\/\/saborealapalma.es\/blog\/2021\/12\/14\/el-duende-del-fuego-de-pedro-hernandez-premio-mejor-restaurante-consume-canario\/"},"wordCount":64,"image":{"@id":"https:\/\/saborealapalma.es\/blog\/2021\/12\/14\/el-duende-del-fuego-de-pedro-hernandez-premio-mejor-restaurante-consume-canario\/#primaryimage"},"thumbnailUrl":"https:\/\/saborealapalma.es\/wp-content\/uploads\/2021\/12\/premio2.png","articleSection":["Blog Saborea","Noticias Saborea"],"inLanguage":"fr-FR"},{"@type":"WebPage","@id":"https:\/\/saborealapalma.es\/blog\/2021\/12\/14\/el-duende-del-fuego-de-pedro-hernandez-premio-mejor-restaurante-consume-canario\/","url":"https:\/\/saborealapalma.es\/blog\/2021\/12\/14\/el-duende-del-fuego-de-pedro-hernandez-premio-mejor-restaurante-consume-canario\/","name":"El Duende del Fuego, de Pedro Hern\u00e1ndez, Premio Mejor Restaurante #CONSUME CANARIO - Saborea La Palma","isPartOf":{"@id":"https:\/\/saborealapalma.es\/#website"},"primaryImageOfPage":{"@id":"https:\/\/saborealapalma.es\/blog\/2021\/12\/14\/el-duende-del-fuego-de-pedro-hernandez-premio-mejor-restaurante-consume-canario\/#primaryimage"},"image":{"@id":"https:\/\/saborealapalma.es\/blog\/2021\/12\/14\/el-duende-del-fuego-de-pedro-hernandez-premio-mejor-restaurante-consume-canario\/#primaryimage"},"thumbnailUrl":"https:\/\/saborealapalma.es\/wp-content\/uploads\/2021\/12\/premio2.png","datePublished":"2021-12-14T13:32:06+00:00","author":{"@id":"https:\/\/saborealapalma.es\/#\/schema\/person\/5184c05828c0a459bbca73a6b4e6b4dc"},"breadcrumb":{"@id":"https:\/\/saborealapalma.es\/blog\/2021\/12\/14\/el-duende-del-fuego-de-pedro-hernandez-premio-mejor-restaurante-consume-canario\/#breadcrumb"},"inLanguage":"fr-FR","potentialAction":[{"@type":"ReadAction","target":["https:\/\/saborealapalma.es\/blog\/2021\/12\/14\/el-duende-del-fuego-de-pedro-hernandez-premio-mejor-restaurante-consume-canario\/"]}]},{"@type":"ImageObject","inLanguage":"fr-FR","@id":"https:\/\/saborealapalma.es\/blog\/2021\/12\/14\/el-duende-del-fuego-de-pedro-hernandez-premio-mejor-restaurante-consume-canario\/#primaryimage","url":"https:\/\/saborealapalma.es\/wp-content\/uploads\/2021\/12\/premio2.png","contentUrl":"https:\/\/saborealapalma.es\/wp-content\/uploads\/2021\/12\/premio2.png","width":820,"height":547},{"@type":"BreadcrumbList","@id":"https:\/\/saborealapalma.es\/blog\/2021\/12\/14\/el-duende-del-fuego-de-pedro-hernandez-premio-mejor-restaurante-consume-canario\/#breadcrumb","itemListElement":[{"@type":"ListItem","position":1,"name":"Portada","item":"https:\/\/saborealapalma.es\/"},{"@type":"ListItem","position":2,"name":"El Duende del Fuego, de Pedro Hern\u00e1ndez, Premio Mejor Restaurante #CONSUME CANARIO"}]},{"@type":"WebSite","@id":"https:\/\/saborealapalma.es\/#website","url":"https:\/\/saborealapalma.es\/","name":"Go\u00fbter \u00e0 La Palma","description":"Saborea La Palma est le projet men\u00e9 par la Sociedad de Promoci\u00f3n Econ\u00f3mica de La Palma (SODEPAL S.A.U.M.P), une entreprise publique d\u00e9pendant du Cabildo Insular de La Palma, pour la revalorisation et le positionnement de la gastronomie de La Palma sur les march\u00e9s r\u00e9gionaux, nationaux et internationaux.","potentialAction":[{"@type":"SearchAction","target":{"@type":"EntryPoint","urlTemplate":"https:\/\/saborealapalma.es\/?s={search_term_string}"},"query-input":{"@type":"PropertyValueSpecification","valueRequired":true,"valueName":"search_term_string"}}],"inLanguage":"fr-FR"},{"@type":"Person","@id":"https:\/\/saborealapalma.es\/#\/schema\/person\/5184c05828c0a459bbca73a6b4e6b4dc","name":"Go\u00fbter \u00e0 La Palma","url":"https:\/\/saborealapalma.es\/fr\/blog\/author\/ivcabeza\/"}]}},"_links":{"self":[{"href":"https:\/\/saborealapalma.es\/fr\/wp-json\/wp\/v2\/posts\/1862","targetHints":{"allow":["GET"]}}],"collection":[{"href":"https:\/\/saborealapalma.es\/fr\/wp-json\/wp\/v2\/posts"}],"about":[{"href":"https:\/\/saborealapalma.es\/fr\/wp-json\/wp\/v2\/types\/post"}],"author":[{"embeddable":true,"href":"https:\/\/saborealapalma.es\/fr\/wp-json\/wp\/v2\/users\/4"}],"replies":[{"embeddable":true,"href":"https:\/\/saborealapalma.es\/fr\/wp-json\/wp\/v2\/comments?post=1862"}],"version-history":[{"count":0,"href":"https:\/\/saborealapalma.es\/fr\/wp-json\/wp\/v2\/posts\/1862\/revisions"}],"wp:featuredmedia":[{"embeddable":true,"href":"https:\/\/saborealapalma.es\/fr\/wp-json\/wp\/v2\/media\/1865"}],"wp:attachment":[{"href":"https:\/\/saborealapalma.es\/fr\/wp-json\/wp\/v2\/media?parent=1862"}],"wp:term":[{"taxonomy":"category","embeddable":true,"href":"https:\/\/saborealapalma.es\/fr\/wp-json\/wp\/v2\/categories?post=1862"},{"taxonomy":"post_tag","embeddable":true,"href":"https:\/\/saborealapalma.es\/fr\/wp-json\/wp\/v2\/tags?post=1862"}],"curies":[{"name":"wp","href":"https:\/\/api.w.org\/{rel}","templated":true}]}}