{"id":7499,"date":"2024-09-26T08:59:59","date_gmt":"2024-09-26T07:59:59","guid":{"rendered":"https:\/\/saborealapalma.es\/?p=7499"},"modified":"2024-10-30T11:42:43","modified_gmt":"2024-10-30T11:42:43","slug":"el-cabildo-abre-el-plazo-de-inscripciones-para-el-i-festival-gastronomico-insular-saborea-la-palma-me-sabe","status":"publish","type":"post","link":"https:\/\/saborealapalma.es\/fr\/blog\/2024\/09\/26\/el-cabildo-abre-el-plazo-de-inscripciones-para-el-i-festival-gastronomico-insular-saborea-la-palma-me-sabe\/","title":{"rendered":"Le Cabildo ouvre la p\u00e9riode d'inscription au I Festival Gastron\u00f3mico Insular \"Saborea La Palma Me Sabe\"."},"content":{"rendered":"<div data-elementor-type=\"wp-page\" data-elementor-id=\"7499\" class=\"elementor elementor-7499\" data-elementor-post-type=\"post\">\n\t\t\t\t\t\t<section data-particle_enable=\"false\" data-particle-mobile-disabled=\"false\" class=\"elementor-section elementor-top-section elementor-element elementor-element-6b8a763 elementor-section-boxed elementor-section-height-default elementor-section-height-default parallax_section_no qode_elementor_container_no\" data-id=\"6b8a763\" data-element_type=\"section\" data-e-type=\"section\">\n\t\t\t\t\t\t<div class=\"elementor-container elementor-column-gap-default\">\n\t\t\t\t\t<div class=\"elementor-column elementor-col-100 elementor-top-column elementor-element elementor-element-0ef133e\" data-id=\"0ef133e\" data-element_type=\"column\" data-e-type=\"column\">\n\t\t\t<div class=\"elementor-widget-wrap elementor-element-populated\">\n\t\t\t\t\t\t<div class=\"elementor-element elementor-element-e17bf48 elementor-widget elementor-widget-text-editor\" data-id=\"e17bf48\" data-element_type=\"widget\" data-e-type=\"widget\" data-widget_type=\"text-editor.default\">\n\t\t\t\t<div class=\"elementor-widget-container\">\n\t\t\t\t\t\t\t\t\t<div class=\"field field--name-field-noticias-entradilla field--type-text-long field--label-hidden field--item\"><div class=\"field field--name-field-noticias-entradilla field--type-text-long field--label-hidden field--item\"><div class=\"field field--name-field-noticias-entradilla field--type-text-long field--label-hidden field--item\"><div class=\"field field--name-field-noticias-entradilla field--type-text-long field--label-hidden field--item\"><div class=\"field field--name-field-noticias-entradilla field--type-text-long field--label-hidden field--item\"><div class=\"field field--name-field-noticias-entradilla field--type-text-long field--label-hidden field--item\"><div class=\"field field--name-field-noticias-entradilla field--type-text-long field--label-hidden field--item\"><div class=\"field field--name-field-noticias-entradilla field--type-text-long field--label-hidden field--item\"><h4>L'\u00e9v\u00e9nement, qui aura lieu du 8 au 10 novembre \u00e0 Fuencaliente, vise \u00e0 promouvoir le d\u00e9veloppement du secteur gastronomique de l'\u00eele et la promotion des produits de l'\u00eele de La Palma.<\/h4><\/div><div class=\"field field--name-body field--type-text-with-summary field--label-hidden field--item\"><p>Le Cabildo de La Palma, par l'interm\u00e9diaire de la soci\u00e9t\u00e9 publique Sodepal, a ouvert la p\u00e9riode d'inscription pour participer au I Festival Gastron\u00f3mico Insular Saborea La Palma Me Sabe, une rencontre promue par la Corporation en collaboration avec la mairie de Fuencaliente, qui aura lieu dans la municipalit\u00e9 le week-end du 8 au 10 novembre.<\/p><p>Les personnes ou les entreprises qui souhaitent participer peuvent s'inscrire sur le site web de la Saborea La Palma. <a href=\"https:\/\/saborealapalma.es\/fr\/inscripcion-a-ferias\/inscripcion-al-i-festival-gastronomico-insular-saborea-la-palma-me-sabe\/\" target=\"_blank\" rel=\"noopener\">https:\/\/saborealapalma.es\/inscripcion-a-ferias\/inscripcion-al-i-festival-gastronomico-insular-saborea-la-palma-me-sabe\/<\/a> jusqu'\u00e0 ce que le nombre de places soit atteint.<\/p><p>La conseill\u00e8re pour la promotion \u00e9conomique du Cabildo de La Palma et directrice g\u00e9n\u00e9rale de Sodepal, Miriam Perestelo, encourage tous les professionnels du secteur gastronomique \u00e0 participer, \" car c'est une occasion non seulement de promouvoir et de rendre plus visibles nos produits et notre gastronomie, avec un engagement en faveur de la durabilit\u00e9 et de la consommation z\u00e9ro kilom\u00e8tre, mais c'est aussi une rencontre entre professionnels qui contribue \u00e0 la g\u00e9n\u00e9ration de synergies ayant un impact direct sur le d\u00e9veloppement \u00e9conomique d'un secteur cl\u00e9 du PIB de l'\u00eele et sur la cr\u00e9ation d'emplois \".<\/p><p>L'\u00e9v\u00e9nement aura lieu \u00e0 Fuencaliente, au \"c\u0153ur\" de son centre ville, car il s'agit de l'une des communes les plus remarquables de l'archipel en termes de production vinicole et qui poss\u00e8de les plus anciennes vignes de la vari\u00e9t\u00e9 aromatique malvas\u00eda, mondialement connue depuis des si\u00e8cles et qui est aujourd'hui l'un des produits les plus remarquables de La Palma. De plus, la qualit\u00e9 de ses paysages et ses ressources naturelles constituent un attrait pour la promotion touristique de l'\u00e9v\u00e9nement.<\/p><p>Dans ce sens, la conseill\u00e8re a soulign\u00e9 que Fuencaliente a \u00e9t\u00e9 choisie conform\u00e9ment \u00e0 la ligne de travail \u00e9tablie par la Corporation de l'\u00eele pour diversifier les actions d\u00e9velopp\u00e9es parmi les 14 municipalit\u00e9s de l'\u00eele, \"en dynamisant et en g\u00e9n\u00e9rant de l'activit\u00e9, ainsi qu'en distribuant des ressources pour que toutes les zones du territoire aient des opportunit\u00e9s de croissance\", a fait remarquer Miriam Perestelo.<\/p><p>Le festival accueillera des agriculteurs et des \u00e9leveurs, des producteurs agroalimentaires, des restaurateurs, des distributeurs de produits gastronomiques, ainsi qu'une large repr\u00e9sentation d'agents des secteurs agroalimentaire, agricole, commercial et touristique, de critiques et d'experts gastronomiques, de l'industrie h\u00f4teli\u00e8re et de la restauration, aussi bien de l'\u00eele qu'avec la pr\u00e9sence d'importantes personnalit\u00e9s canariennes et espagnoles.<\/p><p>Outre l'am\u00e9nagement sp\u00e9cifique d'une zone d'activit\u00e9s, de conf\u00e9rences, de colloques, de causeries, de show cooking, d'ateliers et de concours culinaires, nous disposerons \u00e9galement d'une zone d'exposition et de vente pour les restaurateurs, ainsi que d'un ensemble de stands pour les producteurs agricoles afin de pr\u00e9senter et de commercialiser les produits du secteur primaire.<\/p><p>Pendant la dur\u00e9e de la foire, d'autres \u00e9v\u00e9nements culinaires sp\u00e9cifiques seront organis\u00e9s en parall\u00e8le, tels qu'une rencontre nationale de la confiserie, l'installation d'un tunnel sensoriel du fromage et du vin, ainsi que des espaces de promotion touristique et divers spectacles musicaux.<\/p><p>Une autre caract\u00e9ristique unique du festival est le \"Jura de la Pipa\", o\u00f9 sont d\u00e9gust\u00e9s de nouveaux vins produits localement, qui co\u00efncide traditionnellement avec la f\u00eate de la San Mart\u00edn.<\/p><\/div><\/div><\/div><\/div><\/div><\/div><\/div><\/div>\t\t\t\t\t\t\t\t<\/div>\n\t\t\t\t<\/div>\n\t\t\t\t\t<\/div>\n\t\t<\/div>\n\t\t\t\t\t<\/div>\n\t\t<\/section>\n\t\t\t\t<\/div>","protected":false},"excerpt":{"rendered":"<p>L'\u00e9v\u00e9nement, qui aura lieu du 8 au 10 novembre \u00e0 Fuencaliente, vise \u00e0 favoriser le d\u00e9veloppement du secteur gastronomique de l'\u00eele et la promotion des produits de La Palma. Le Cabildo de La Palma, par l'interm\u00e9diaire de la soci\u00e9t\u00e9 publique Sodepal, a ouvert la p\u00e9riode d'inscription pour participer \u00e0 l'\u00e9v\u00e9nement.<\/p>","protected":false},"author":4,"featured_media":8018,"comment_status":"closed","ping_status":"closed","sticky":false,"template":"","format":"standard","meta":{"footnotes":""},"categories":[1,21],"tags":[],"class_list":["post-7499","post","type-post","status-publish","format-standard","has-post-thumbnail","hentry","category-blogsaborea","category-noticias-saborea"],"yoast_head":"<!-- This site is optimized with the Yoast SEO plugin v27.5 - https:\/\/yoast.com\/product\/yoast-seo-wordpress\/ -->\n<title>El Cabildo abre el plazo de inscripciones para el I Festival Gastron\u00f3mico Insular \u00b4Saborea La Palma Me Sabe\u00b4 - Saborea La Palma<\/title>\n<meta name=\"robots\" content=\"index, follow, max-snippet:-1, max-image-preview:large, max-video-preview:-1\" \/>\n<link rel=\"canonical\" href=\"https:\/\/saborealapalma.es\/fr\/blog\/2024\/09\/26\/el-cabildo-abre-el-plazo-de-inscripciones-para-el-i-festival-gastronomico-insular-saborea-la-palma-me-sabe\/\" \/>\n<meta property=\"og:locale\" content=\"fr_FR\" \/>\n<meta property=\"og:type\" content=\"article\" \/>\n<meta property=\"og:title\" content=\"El Cabildo abre el plazo de inscripciones para el I Festival Gastron\u00f3mico Insular \u00b4Saborea La Palma Me Sabe\u00b4 - Saborea La Palma\" \/>\n<meta property=\"og:description\" content=\"El evento, que se desarrollar\u00e1 del 8 al 10 de noviembre en Fuencaliente, busca potenciar el desarrollo del sector gastron\u00f3mico en la Isla y la promoci\u00f3n de los productos palmeros. El Cabildo de La Palma, a trav\u00e9s de la empresa p\u00fablica Sodepal, abre el plazo de inscripciones para participar en...\" \/>\n<meta property=\"og:url\" content=\"https:\/\/saborealapalma.es\/fr\/blog\/2024\/09\/26\/el-cabildo-abre-el-plazo-de-inscripciones-para-el-i-festival-gastronomico-insular-saborea-la-palma-me-sabe\/\" \/>\n<meta property=\"og:site_name\" content=\"Saborea La Palma\" \/>\n<meta property=\"article:published_time\" content=\"2024-09-26T07:59:59+00:00\" \/>\n<meta property=\"article:modified_time\" content=\"2024-10-30T11:42:43+00:00\" \/>\n<meta property=\"og:image\" content=\"https:\/\/saborealapalma.es\/wp-content\/uploads\/2024\/09\/cartel_festival_gastronomico_c.jpg\" \/>\n\t<meta property=\"og:image:width\" content=\"1080\" \/>\n\t<meta property=\"og:image:height\" content=\"1080\" \/>\n\t<meta property=\"og:image:type\" content=\"image\/jpeg\" \/>\n<meta name=\"author\" content=\"Saborea La Palma\" \/>\n<meta name=\"twitter:card\" content=\"summary_large_image\" \/>\n<meta name=\"twitter:label1\" content=\"\u00c9crit par\" \/>\n\t<meta name=\"twitter:data1\" content=\"Saborea La Palma\" \/>\n\t<meta name=\"twitter:label2\" content=\"Dur\u00e9e de lecture estim\u00e9e\" \/>\n\t<meta name=\"twitter:data2\" content=\"3 minutes\" \/>\n<script type=\"application\/ld+json\" class=\"yoast-schema-graph\">{\"@context\":\"https:\\\/\\\/schema.org\",\"@graph\":[{\"@type\":\"Article\",\"@id\":\"https:\\\/\\\/saborealapalma.es\\\/blog\\\/2024\\\/09\\\/26\\\/el-cabildo-abre-el-plazo-de-inscripciones-para-el-i-festival-gastronomico-insular-saborea-la-palma-me-sabe\\\/#article\",\"isPartOf\":{\"@id\":\"https:\\\/\\\/saborealapalma.es\\\/blog\\\/2024\\\/09\\\/26\\\/el-cabildo-abre-el-plazo-de-inscripciones-para-el-i-festival-gastronomico-insular-saborea-la-palma-me-sabe\\\/\"},\"author\":{\"name\":\"Saborea La Palma\",\"@id\":\"https:\\\/\\\/saborealapalma.es\\\/#\\\/schema\\\/person\\\/5184c05828c0a459bbca73a6b4e6b4dc\"},\"headline\":\"El Cabildo abre el plazo de inscripciones para el I Festival Gastron\u00f3mico Insular \u00b4Saborea La Palma Me Sabe\u00b4\",\"datePublished\":\"2024-09-26T07:59:59+00:00\",\"dateModified\":\"2024-10-30T11:42:43+00:00\",\"mainEntityOfPage\":{\"@id\":\"https:\\\/\\\/saborealapalma.es\\\/blog\\\/2024\\\/09\\\/26\\\/el-cabildo-abre-el-plazo-de-inscripciones-para-el-i-festival-gastronomico-insular-saborea-la-palma-me-sabe\\\/\"},\"wordCount\":592,\"image\":{\"@id\":\"https:\\\/\\\/saborealapalma.es\\\/blog\\\/2024\\\/09\\\/26\\\/el-cabildo-abre-el-plazo-de-inscripciones-para-el-i-festival-gastronomico-insular-saborea-la-palma-me-sabe\\\/#primaryimage\"},\"thumbnailUrl\":\"https:\\\/\\\/saborealapalma.es\\\/wp-content\\\/uploads\\\/2024\\\/09\\\/cartel_festival_gastronomico_c.jpg\",\"articleSection\":[\"Blog Saborea\",\"Noticias Saborea\"],\"inLanguage\":\"fr-FR\"},{\"@type\":\"WebPage\",\"@id\":\"https:\\\/\\\/saborealapalma.es\\\/blog\\\/2024\\\/09\\\/26\\\/el-cabildo-abre-el-plazo-de-inscripciones-para-el-i-festival-gastronomico-insular-saborea-la-palma-me-sabe\\\/\",\"url\":\"https:\\\/\\\/saborealapalma.es\\\/blog\\\/2024\\\/09\\\/26\\\/el-cabildo-abre-el-plazo-de-inscripciones-para-el-i-festival-gastronomico-insular-saborea-la-palma-me-sabe\\\/\",\"name\":\"El Cabildo abre el plazo de inscripciones para el I Festival Gastron\u00f3mico Insular \u00b4Saborea La Palma Me Sabe\u00b4 - Saborea La Palma\",\"isPartOf\":{\"@id\":\"https:\\\/\\\/saborealapalma.es\\\/#website\"},\"primaryImageOfPage\":{\"@id\":\"https:\\\/\\\/saborealapalma.es\\\/blog\\\/2024\\\/09\\\/26\\\/el-cabildo-abre-el-plazo-de-inscripciones-para-el-i-festival-gastronomico-insular-saborea-la-palma-me-sabe\\\/#primaryimage\"},\"image\":{\"@id\":\"https:\\\/\\\/saborealapalma.es\\\/blog\\\/2024\\\/09\\\/26\\\/el-cabildo-abre-el-plazo-de-inscripciones-para-el-i-festival-gastronomico-insular-saborea-la-palma-me-sabe\\\/#primaryimage\"},\"thumbnailUrl\":\"https:\\\/\\\/saborealapalma.es\\\/wp-content\\\/uploads\\\/2024\\\/09\\\/cartel_festival_gastronomico_c.jpg\",\"datePublished\":\"2024-09-26T07:59:59+00:00\",\"dateModified\":\"2024-10-30T11:42:43+00:00\",\"author\":{\"@id\":\"https:\\\/\\\/saborealapalma.es\\\/#\\\/schema\\\/person\\\/5184c05828c0a459bbca73a6b4e6b4dc\"},\"breadcrumb\":{\"@id\":\"https:\\\/\\\/saborealapalma.es\\\/blog\\\/2024\\\/09\\\/26\\\/el-cabildo-abre-el-plazo-de-inscripciones-para-el-i-festival-gastronomico-insular-saborea-la-palma-me-sabe\\\/#breadcrumb\"},\"inLanguage\":\"fr-FR\",\"potentialAction\":[{\"@type\":\"ReadAction\",\"target\":[\"https:\\\/\\\/saborealapalma.es\\\/blog\\\/2024\\\/09\\\/26\\\/el-cabildo-abre-el-plazo-de-inscripciones-para-el-i-festival-gastronomico-insular-saborea-la-palma-me-sabe\\\/\"]}]},{\"@type\":\"ImageObject\",\"inLanguage\":\"fr-FR\",\"@id\":\"https:\\\/\\\/saborealapalma.es\\\/blog\\\/2024\\\/09\\\/26\\\/el-cabildo-abre-el-plazo-de-inscripciones-para-el-i-festival-gastronomico-insular-saborea-la-palma-me-sabe\\\/#primaryimage\",\"url\":\"https:\\\/\\\/saborealapalma.es\\\/wp-content\\\/uploads\\\/2024\\\/09\\\/cartel_festival_gastronomico_c.jpg\",\"contentUrl\":\"https:\\\/\\\/saborealapalma.es\\\/wp-content\\\/uploads\\\/2024\\\/09\\\/cartel_festival_gastronomico_c.jpg\",\"width\":1080,\"height\":1080},{\"@type\":\"BreadcrumbList\",\"@id\":\"https:\\\/\\\/saborealapalma.es\\\/blog\\\/2024\\\/09\\\/26\\\/el-cabildo-abre-el-plazo-de-inscripciones-para-el-i-festival-gastronomico-insular-saborea-la-palma-me-sabe\\\/#breadcrumb\",\"itemListElement\":[{\"@type\":\"ListItem\",\"position\":1,\"name\":\"Portada\",\"item\":\"https:\\\/\\\/saborealapalma.es\\\/\"},{\"@type\":\"ListItem\",\"position\":2,\"name\":\"El Cabildo abre el plazo de inscripciones para el I Festival Gastron\u00f3mico Insular \u00b4Saborea La Palma Me Sabe\u00b4\"}]},{\"@type\":\"WebSite\",\"@id\":\"https:\\\/\\\/saborealapalma.es\\\/#website\",\"url\":\"https:\\\/\\\/saborealapalma.es\\\/\",\"name\":\"Saborea La Palma\",\"description\":\"Saborea La Palma es el proyecto que lidera la Sociedad de Promoci\u00f3n Econ\u00f3mica de La Palma (SODEPAL S.A.U.M.P), empresa p\u00fablica dependiente de Cabildo Insular de La Palma, para la revalorizaci\u00f3n y el posicionamiento de la gastronom\u00eda palmera en los mercados regionales, nacionales e internacionales.\",\"potentialAction\":[{\"@type\":\"SearchAction\",\"target\":{\"@type\":\"EntryPoint\",\"urlTemplate\":\"https:\\\/\\\/saborealapalma.es\\\/?s={search_term_string}\"},\"query-input\":{\"@type\":\"PropertyValueSpecification\",\"valueRequired\":true,\"valueName\":\"search_term_string\"}}],\"inLanguage\":\"fr-FR\"},{\"@type\":\"Person\",\"@id\":\"https:\\\/\\\/saborealapalma.es\\\/#\\\/schema\\\/person\\\/5184c05828c0a459bbca73a6b4e6b4dc\",\"name\":\"Saborea La Palma\",\"url\":\"https:\\\/\\\/saborealapalma.es\\\/fr\\\/blog\\\/author\\\/ivcabeza\\\/\"}]}<\/script>\n<!-- \/ Yoast SEO plugin. -->","yoast_head_json":{"title":"El Cabildo abre el plazo de inscripciones para el I Festival Gastron\u00f3mico Insular \u00b4Saborea La Palma Me Sabe\u00b4 - Saborea La Palma","robots":{"index":"index","follow":"follow","max-snippet":"max-snippet:-1","max-image-preview":"max-image-preview:large","max-video-preview":"max-video-preview:-1"},"canonical":"https:\/\/saborealapalma.es\/fr\/blog\/2024\/09\/26\/el-cabildo-abre-el-plazo-de-inscripciones-para-el-i-festival-gastronomico-insular-saborea-la-palma-me-sabe\/","og_locale":"fr_FR","og_type":"article","og_title":"El Cabildo abre el plazo de inscripciones para el I Festival Gastron\u00f3mico Insular \u00b4Saborea La Palma Me Sabe\u00b4 - Saborea La Palma","og_description":"El evento, que se desarrollar\u00e1 del 8 al 10 de noviembre en Fuencaliente, busca potenciar el desarrollo del sector gastron\u00f3mico en la Isla y la promoci\u00f3n de los productos palmeros. El Cabildo de La Palma, a trav\u00e9s de la empresa p\u00fablica Sodepal, abre el plazo de inscripciones para participar en...","og_url":"https:\/\/saborealapalma.es\/fr\/blog\/2024\/09\/26\/el-cabildo-abre-el-plazo-de-inscripciones-para-el-i-festival-gastronomico-insular-saborea-la-palma-me-sabe\/","og_site_name":"Saborea La Palma","article_published_time":"2024-09-26T07:59:59+00:00","article_modified_time":"2024-10-30T11:42:43+00:00","og_image":[{"width":1080,"height":1080,"url":"https:\/\/saborealapalma.es\/wp-content\/uploads\/2024\/09\/cartel_festival_gastronomico_c.jpg","type":"image\/jpeg"}],"author":"Saborea La Palma","twitter_card":"summary_large_image","twitter_misc":{"\u00c9crit par":"Saborea La Palma","Dur\u00e9e de lecture estim\u00e9e":"3 minutes"},"schema":{"@context":"https:\/\/schema.org","@graph":[{"@type":"Article","@id":"https:\/\/saborealapalma.es\/blog\/2024\/09\/26\/el-cabildo-abre-el-plazo-de-inscripciones-para-el-i-festival-gastronomico-insular-saborea-la-palma-me-sabe\/#article","isPartOf":{"@id":"https:\/\/saborealapalma.es\/blog\/2024\/09\/26\/el-cabildo-abre-el-plazo-de-inscripciones-para-el-i-festival-gastronomico-insular-saborea-la-palma-me-sabe\/"},"author":{"name":"Saborea La Palma","@id":"https:\/\/saborealapalma.es\/#\/schema\/person\/5184c05828c0a459bbca73a6b4e6b4dc"},"headline":"El Cabildo abre el plazo de inscripciones para el I Festival Gastron\u00f3mico Insular \u00b4Saborea La Palma Me Sabe\u00b4","datePublished":"2024-09-26T07:59:59+00:00","dateModified":"2024-10-30T11:42:43+00:00","mainEntityOfPage":{"@id":"https:\/\/saborealapalma.es\/blog\/2024\/09\/26\/el-cabildo-abre-el-plazo-de-inscripciones-para-el-i-festival-gastronomico-insular-saborea-la-palma-me-sabe\/"},"wordCount":592,"image":{"@id":"https:\/\/saborealapalma.es\/blog\/2024\/09\/26\/el-cabildo-abre-el-plazo-de-inscripciones-para-el-i-festival-gastronomico-insular-saborea-la-palma-me-sabe\/#primaryimage"},"thumbnailUrl":"https:\/\/saborealapalma.es\/wp-content\/uploads\/2024\/09\/cartel_festival_gastronomico_c.jpg","articleSection":["Blog Saborea","Noticias Saborea"],"inLanguage":"fr-FR"},{"@type":"WebPage","@id":"https:\/\/saborealapalma.es\/blog\/2024\/09\/26\/el-cabildo-abre-el-plazo-de-inscripciones-para-el-i-festival-gastronomico-insular-saborea-la-palma-me-sabe\/","url":"https:\/\/saborealapalma.es\/blog\/2024\/09\/26\/el-cabildo-abre-el-plazo-de-inscripciones-para-el-i-festival-gastronomico-insular-saborea-la-palma-me-sabe\/","name":"El Cabildo abre el plazo de inscripciones para el I Festival Gastron\u00f3mico Insular \u00b4Saborea La Palma Me Sabe\u00b4 - Saborea La Palma","isPartOf":{"@id":"https:\/\/saborealapalma.es\/#website"},"primaryImageOfPage":{"@id":"https:\/\/saborealapalma.es\/blog\/2024\/09\/26\/el-cabildo-abre-el-plazo-de-inscripciones-para-el-i-festival-gastronomico-insular-saborea-la-palma-me-sabe\/#primaryimage"},"image":{"@id":"https:\/\/saborealapalma.es\/blog\/2024\/09\/26\/el-cabildo-abre-el-plazo-de-inscripciones-para-el-i-festival-gastronomico-insular-saborea-la-palma-me-sabe\/#primaryimage"},"thumbnailUrl":"https:\/\/saborealapalma.es\/wp-content\/uploads\/2024\/09\/cartel_festival_gastronomico_c.jpg","datePublished":"2024-09-26T07:59:59+00:00","dateModified":"2024-10-30T11:42:43+00:00","author":{"@id":"https:\/\/saborealapalma.es\/#\/schema\/person\/5184c05828c0a459bbca73a6b4e6b4dc"},"breadcrumb":{"@id":"https:\/\/saborealapalma.es\/blog\/2024\/09\/26\/el-cabildo-abre-el-plazo-de-inscripciones-para-el-i-festival-gastronomico-insular-saborea-la-palma-me-sabe\/#breadcrumb"},"inLanguage":"fr-FR","potentialAction":[{"@type":"ReadAction","target":["https:\/\/saborealapalma.es\/blog\/2024\/09\/26\/el-cabildo-abre-el-plazo-de-inscripciones-para-el-i-festival-gastronomico-insular-saborea-la-palma-me-sabe\/"]}]},{"@type":"ImageObject","inLanguage":"fr-FR","@id":"https:\/\/saborealapalma.es\/blog\/2024\/09\/26\/el-cabildo-abre-el-plazo-de-inscripciones-para-el-i-festival-gastronomico-insular-saborea-la-palma-me-sabe\/#primaryimage","url":"https:\/\/saborealapalma.es\/wp-content\/uploads\/2024\/09\/cartel_festival_gastronomico_c.jpg","contentUrl":"https:\/\/saborealapalma.es\/wp-content\/uploads\/2024\/09\/cartel_festival_gastronomico_c.jpg","width":1080,"height":1080},{"@type":"BreadcrumbList","@id":"https:\/\/saborealapalma.es\/blog\/2024\/09\/26\/el-cabildo-abre-el-plazo-de-inscripciones-para-el-i-festival-gastronomico-insular-saborea-la-palma-me-sabe\/#breadcrumb","itemListElement":[{"@type":"ListItem","position":1,"name":"Portada","item":"https:\/\/saborealapalma.es\/"},{"@type":"ListItem","position":2,"name":"El Cabildo abre el plazo de inscripciones para el I Festival Gastron\u00f3mico Insular \u00b4Saborea La Palma Me Sabe\u00b4"}]},{"@type":"WebSite","@id":"https:\/\/saborealapalma.es\/#website","url":"https:\/\/saborealapalma.es\/","name":"Go\u00fbter \u00e0 La Palma","description":"Saborea La Palma est le projet men\u00e9 par la Sociedad de Promoci\u00f3n Econ\u00f3mica de La Palma (SODEPAL S.A.U.M.P), une entreprise publique d\u00e9pendant du Cabildo Insular de La Palma, pour la revalorisation et le positionnement de la gastronomie de La Palma sur les march\u00e9s r\u00e9gionaux, nationaux et internationaux.","potentialAction":[{"@type":"SearchAction","target":{"@type":"EntryPoint","urlTemplate":"https:\/\/saborealapalma.es\/?s={search_term_string}"},"query-input":{"@type":"PropertyValueSpecification","valueRequired":true,"valueName":"search_term_string"}}],"inLanguage":"fr-FR"},{"@type":"Person","@id":"https:\/\/saborealapalma.es\/#\/schema\/person\/5184c05828c0a459bbca73a6b4e6b4dc","name":"Go\u00fbter \u00e0 La Palma","url":"https:\/\/saborealapalma.es\/fr\/blog\/author\/ivcabeza\/"}]}},"_links":{"self":[{"href":"https:\/\/saborealapalma.es\/fr\/wp-json\/wp\/v2\/posts\/7499","targetHints":{"allow":["GET"]}}],"collection":[{"href":"https:\/\/saborealapalma.es\/fr\/wp-json\/wp\/v2\/posts"}],"about":[{"href":"https:\/\/saborealapalma.es\/fr\/wp-json\/wp\/v2\/types\/post"}],"author":[{"embeddable":true,"href":"https:\/\/saborealapalma.es\/fr\/wp-json\/wp\/v2\/users\/4"}],"replies":[{"embeddable":true,"href":"https:\/\/saborealapalma.es\/fr\/wp-json\/wp\/v2\/comments?post=7499"}],"version-history":[{"count":7,"href":"https:\/\/saborealapalma.es\/fr\/wp-json\/wp\/v2\/posts\/7499\/revisions"}],"predecessor-version":[{"id":7982,"href":"https:\/\/saborealapalma.es\/fr\/wp-json\/wp\/v2\/posts\/7499\/revisions\/7982"}],"wp:featuredmedia":[{"embeddable":true,"href":"https:\/\/saborealapalma.es\/fr\/wp-json\/wp\/v2\/media\/8018"}],"wp:attachment":[{"href":"https:\/\/saborealapalma.es\/fr\/wp-json\/wp\/v2\/media?parent=7499"}],"wp:term":[{"taxonomy":"category","embeddable":true,"href":"https:\/\/saborealapalma.es\/fr\/wp-json\/wp\/v2\/categories?post=7499"},{"taxonomy":"post_tag","embeddable":true,"href":"https:\/\/saborealapalma.es\/fr\/wp-json\/wp\/v2\/tags?post=7499"}],"curies":[{"name":"wp","href":"https:\/\/api.w.org\/{rel}","templated":true}]}}