{"id":293,"date":"2020-10-03T16:26:06","date_gmt":"2020-10-03T15:26:06","guid":{"rendered":"http:\/\/saborealapalma.es\/?p=293"},"modified":"2020-10-28T17:48:50","modified_gmt":"2020-10-28T17:48:50","slug":"sodepal-reinventa-fotonature-para-formar-en-2020-a-fotografos-en-cine-gastronomia-astronomia-y-moda","status":"publish","type":"post","link":"https:\/\/saborealapalma.es\/it\/blog\/2020\/10\/03\/sodepal-reinventa-fotonature-para-formar-en-2020-a-fotografos-en-cine-gastronomia-astronomia-y-moda\/","title":{"rendered":"Sodepal reinventa Fotonature per formare fotografi di cinema, gastronomia, astronomia e moda nel 2020"},"content":{"rendered":"<div class=\"post_single__content\">\n<p style=\"text-align: justify;\">L'azienda pubblica<strong>\u00a0Sodepal mantiene aperte le iscrizioni al progetto Fotonature La Palma 2020<\/strong>L'edizione di quest'anno ha dovuto adattarsi alla nuova normalit\u00e0 per offrire sia una versione in loco che una virtuale tra il 20 e il 22 novembre.<\/p>\n<p style=\"text-align: justify;\">L'azienda del Cabildo de La Palma ha optato per la trasversalit\u00e0 tra i suoi diversi progetti per rendere pi\u00f9 attraente l'offerta di masterclass, che si rivolgono sia a professionisti che a persone con minori conoscenze nel mondo della fotografia, e che si svolgeranno nel Museo Archeologico Benahoarita (MAB) a Los Llanos de Aridane.<\/p>\n<p style=\"text-align: justify;\">L'amministratore delegato di Sodepal e responsabile dello Sviluppo Economico dell'isola,\u00a0<strong>Raquel Diaz<\/strong>Ha sottolineato che \"offriamo un formato diverso di Fotonature, rispettando tutte le misure sanitarie contro il Covid 19 e impegnandoci a formare fotografi in settori molto specifici, in cui non \u00e8 facile trovare sulla nostra isola professionisti qualificati per sviluppare servizi fotografici al livello che viene richiesto\".<\/p>\n<p style=\"text-align: justify;\">Raquel D\u00edaz ha sottolineato \"il lavoro congiunto tra i progetti Sodepal che durante l'anno hanno esigenze fotografiche molto specifiche nei loro campi d'azione\". Per questo motivo, \"ogni masterclass sar\u00e0 tenuta da specialisti riconosciuti, sempre alla ricerca della migliore formazione per i partecipanti\".<\/p>\n<p style=\"text-align: justify;\">Il programma inizia il 20 novembre alle 17.30 con una masterclass di Fotografia Gastronomica tenuta da Edu L\u00f3pez, esperto nella creazione di immagini di cibo per ristoranti, chef, franchising e persino supermercati. Collabora con marchi leader del settore come Profoto, Fujifilm, Wiral e Moza, tra gli altri. L'azione \u00e8 legata a Saborea La Palma, un progetto di Sodepal.<\/p>\n<p style=\"text-align: justify;\">Un giorno dopo, dalle 9.30, Fotonature si unisce a Film Commission nella masterclass di Fotografia cinematografica e di fiction di Curro Ferreira, direttore della fotografia con una vasta e riconosciuta esperienza. Ha diretto la fotografia di serie come 'El Ministerio del Tiempo', 'Malaka', 'Vis a Vis', 'Vivir sin permiso'... Ha lavorato a progetti cinematografici di Bigas Luna, Almod\u00f3var e Borja Cobeaga.<\/p>\n<p style=\"text-align: justify;\">Lo stesso sabato, alle 12.30, \u00e8 in programma Fotonature Kids, sotto la supervisione di Afoto La Palma, un'associazione che riunisce fotografi dell'isola con grandi conoscenze nel settore, che insegneranno ai bambini i principi di base del magico mondo che si vive attraverso la macchina fotografica. Nel pomeriggio, a partire dalle 16.00, \u00e8 prevista una masterclass sulla fotografia stellare (divulgazione astronomica) tenuta da Juan Carlos Casado, presidente dell'Osservatorio Astronomico Albanya (Gerona) e coordinatore del sito web di immagini astronomiche Starryearth. Sar\u00e0 affiancato da Astro Tour e Afoto La Palma. Dopo il tramonto si terr\u00e0 un workshop di fotografia stellare.<\/p>\n<p style=\"text-align: justify;\">Fotonature si conclude domenica 22 novembre con una masterclass di fotografia di moda, un settore in cui Sodepal \u00e8 fermamente impegnato con il progetto Isla Bonita Moda. Sar\u00e0 tenuta da Lea Farrem, un'esperta con pubblicazioni su Telva, Hola e Mujer Hoy. Collaborer\u00e0 la stilista Paloma Su\u00e1rez.<\/p>\n<p style=\"text-align: justify;\">Nell'ambito di Fotonature 2020, il Centro di Fotografia Isla Bonita avvicina il mondo del ritratto in studio con un set pratico gratuito aperto a tutti i partecipanti presso il MAB stesso. Le solite immagini con le tecniche pi\u00f9 moderne, con le nuove tendenze, per ottenere il massimo dall'attrezzatura fotografica.<\/p>\n<p style=\"text-align: justify;\">In virt\u00f9 della nuova normalit\u00e0, e sfruttando le nuove tecnologie, Fotonature offrir\u00e0 le masterclass anche in streaming attraverso un sistema pay per view. Sul sito ufficiale dell'evento http:\/\/fotonaturelapalma.info\/, gli interessati potranno trovare tutte le informazioni su ciascuna delle masterclass, con un link per la registrazione.<\/p>\n<p>&nbsp;<\/p>\n<\/div>","protected":false},"excerpt":{"rendered":"<p>La societ\u00e0 pubblica Sodepal \u00e8 ancora aperta alle iscrizioni per il progetto Fotonature La Palma 2020, che in questa edizione ha dovuto adattarsi alla nuova normalit\u00e0 per offrire sia una versione in loco che una virtuale tra il 20 e il 22 novembre. La societ\u00e0 del Cabildo de La Palma...<\/p>","protected":false},"author":4,"featured_media":314,"comment_status":"closed","ping_status":"closed","sticky":false,"template":"","format":"gallery","meta":{"footnotes":""},"categories":[21],"tags":[],"class_list":["post-293","post","type-post","status-publish","format-gallery","has-post-thumbnail","hentry","category-noticias-saborea","post_format-post-format-gallery"],"yoast_head":"<!-- This site is optimized with the Yoast SEO plugin v27.5 - https:\/\/yoast.com\/product\/yoast-seo-wordpress\/ -->\n<title>Sodepal reinventa Fotonature para formar en 2020 a fot\u00f3grafos en cine, gastronom\u00eda, astronom\u00eda y moda - Saborea La Palma<\/title>\n<meta name=\"robots\" content=\"index, follow, max-snippet:-1, max-image-preview:large, max-video-preview:-1\" \/>\n<link rel=\"canonical\" href=\"https:\/\/saborealapalma.es\/it\/blog\/2020\/10\/03\/sodepal-reinventa-fotonature-para-formar-en-2020-a-fotografos-en-cine-gastronomia-astronomia-y-moda\/\" \/>\n<meta property=\"og:locale\" content=\"it_IT\" \/>\n<meta property=\"og:type\" content=\"article\" \/>\n<meta property=\"og:title\" content=\"Sodepal reinventa Fotonature para formar en 2020 a fot\u00f3grafos en cine, gastronom\u00eda, astronom\u00eda y moda - Saborea La Palma\" \/>\n<meta property=\"og:description\" content=\"La sociedad p\u00fablica\u00a0Sodepal mantiene abiertas las inscripciones para el proyecto Fotonature La Palma 2020, que en esta edici\u00f3n se ha tenido que adaptar a la nueva normalidad para ofrecer entre los d\u00edas 20 y 22 de noviembre tanto una versi\u00f3n presencial como otra virtual. La empresa del Cabildo de La...\" \/>\n<meta property=\"og:url\" content=\"https:\/\/saborealapalma.es\/it\/blog\/2020\/10\/03\/sodepal-reinventa-fotonature-para-formar-en-2020-a-fotografos-en-cine-gastronomia-astronomia-y-moda\/\" \/>\n<meta property=\"og:site_name\" content=\"Saborea La Palma\" \/>\n<meta property=\"article:published_time\" content=\"2020-10-03T15:26:06+00:00\" \/>\n<meta property=\"article:modified_time\" content=\"2020-10-28T17:48:50+00:00\" \/>\n<meta property=\"og:image\" content=\"https:\/\/saborealapalma.es\/wp-content\/uploads\/2020\/10\/fotonature.png\" \/>\n\t<meta property=\"og:image:width\" content=\"400\" \/>\n\t<meta property=\"og:image:height\" content=\"400\" \/>\n\t<meta property=\"og:image:type\" content=\"image\/png\" \/>\n<meta name=\"author\" content=\"Saborea La Palma\" \/>\n<meta name=\"twitter:card\" content=\"summary_large_image\" \/>\n<meta name=\"twitter:label1\" content=\"Scritto da\" \/>\n\t<meta name=\"twitter:data1\" content=\"Saborea La Palma\" \/>\n\t<meta name=\"twitter:label2\" content=\"Tempo di lettura stimato\" \/>\n\t<meta name=\"twitter:data2\" content=\"3 minuti\" \/>\n<script type=\"application\/ld+json\" class=\"yoast-schema-graph\">{\"@context\":\"https:\\\/\\\/schema.org\",\"@graph\":[{\"@type\":\"Article\",\"@id\":\"https:\\\/\\\/saborealapalma.es\\\/blog\\\/2020\\\/10\\\/03\\\/sodepal-reinventa-fotonature-para-formar-en-2020-a-fotografos-en-cine-gastronomia-astronomia-y-moda\\\/#article\",\"isPartOf\":{\"@id\":\"https:\\\/\\\/saborealapalma.es\\\/blog\\\/2020\\\/10\\\/03\\\/sodepal-reinventa-fotonature-para-formar-en-2020-a-fotografos-en-cine-gastronomia-astronomia-y-moda\\\/\"},\"author\":{\"name\":\"Saborea La Palma\",\"@id\":\"https:\\\/\\\/saborealapalma.es\\\/#\\\/schema\\\/person\\\/5184c05828c0a459bbca73a6b4e6b4dc\"},\"headline\":\"Sodepal reinventa Fotonature para formar en 2020 a fot\u00f3grafos en cine, gastronom\u00eda, astronom\u00eda y moda\",\"datePublished\":\"2020-10-03T15:26:06+00:00\",\"dateModified\":\"2020-10-28T17:48:50+00:00\",\"mainEntityOfPage\":{\"@id\":\"https:\\\/\\\/saborealapalma.es\\\/blog\\\/2020\\\/10\\\/03\\\/sodepal-reinventa-fotonature-para-formar-en-2020-a-fotografos-en-cine-gastronomia-astronomia-y-moda\\\/\"},\"wordCount\":692,\"image\":{\"@id\":\"https:\\\/\\\/saborealapalma.es\\\/blog\\\/2020\\\/10\\\/03\\\/sodepal-reinventa-fotonature-para-formar-en-2020-a-fotografos-en-cine-gastronomia-astronomia-y-moda\\\/#primaryimage\"},\"thumbnailUrl\":\"https:\\\/\\\/saborealapalma.es\\\/wp-content\\\/uploads\\\/2020\\\/10\\\/fotonature.png\",\"articleSection\":[\"Noticias Saborea\"],\"inLanguage\":\"it-IT\"},{\"@type\":\"WebPage\",\"@id\":\"https:\\\/\\\/saborealapalma.es\\\/blog\\\/2020\\\/10\\\/03\\\/sodepal-reinventa-fotonature-para-formar-en-2020-a-fotografos-en-cine-gastronomia-astronomia-y-moda\\\/\",\"url\":\"https:\\\/\\\/saborealapalma.es\\\/blog\\\/2020\\\/10\\\/03\\\/sodepal-reinventa-fotonature-para-formar-en-2020-a-fotografos-en-cine-gastronomia-astronomia-y-moda\\\/\",\"name\":\"Sodepal reinventa Fotonature para formar en 2020 a fot\u00f3grafos en cine, gastronom\u00eda, astronom\u00eda y moda - Saborea La Palma\",\"isPartOf\":{\"@id\":\"https:\\\/\\\/saborealapalma.es\\\/#website\"},\"primaryImageOfPage\":{\"@id\":\"https:\\\/\\\/saborealapalma.es\\\/blog\\\/2020\\\/10\\\/03\\\/sodepal-reinventa-fotonature-para-formar-en-2020-a-fotografos-en-cine-gastronomia-astronomia-y-moda\\\/#primaryimage\"},\"image\":{\"@id\":\"https:\\\/\\\/saborealapalma.es\\\/blog\\\/2020\\\/10\\\/03\\\/sodepal-reinventa-fotonature-para-formar-en-2020-a-fotografos-en-cine-gastronomia-astronomia-y-moda\\\/#primaryimage\"},\"thumbnailUrl\":\"https:\\\/\\\/saborealapalma.es\\\/wp-content\\\/uploads\\\/2020\\\/10\\\/fotonature.png\",\"datePublished\":\"2020-10-03T15:26:06+00:00\",\"dateModified\":\"2020-10-28T17:48:50+00:00\",\"author\":{\"@id\":\"https:\\\/\\\/saborealapalma.es\\\/#\\\/schema\\\/person\\\/5184c05828c0a459bbca73a6b4e6b4dc\"},\"breadcrumb\":{\"@id\":\"https:\\\/\\\/saborealapalma.es\\\/blog\\\/2020\\\/10\\\/03\\\/sodepal-reinventa-fotonature-para-formar-en-2020-a-fotografos-en-cine-gastronomia-astronomia-y-moda\\\/#breadcrumb\"},\"inLanguage\":\"it-IT\",\"potentialAction\":[{\"@type\":\"ReadAction\",\"target\":[\"https:\\\/\\\/saborealapalma.es\\\/blog\\\/2020\\\/10\\\/03\\\/sodepal-reinventa-fotonature-para-formar-en-2020-a-fotografos-en-cine-gastronomia-astronomia-y-moda\\\/\"]}]},{\"@type\":\"ImageObject\",\"inLanguage\":\"it-IT\",\"@id\":\"https:\\\/\\\/saborealapalma.es\\\/blog\\\/2020\\\/10\\\/03\\\/sodepal-reinventa-fotonature-para-formar-en-2020-a-fotografos-en-cine-gastronomia-astronomia-y-moda\\\/#primaryimage\",\"url\":\"https:\\\/\\\/saborealapalma.es\\\/wp-content\\\/uploads\\\/2020\\\/10\\\/fotonature.png\",\"contentUrl\":\"https:\\\/\\\/saborealapalma.es\\\/wp-content\\\/uploads\\\/2020\\\/10\\\/fotonature.png\",\"width\":400,\"height\":400},{\"@type\":\"BreadcrumbList\",\"@id\":\"https:\\\/\\\/saborealapalma.es\\\/blog\\\/2020\\\/10\\\/03\\\/sodepal-reinventa-fotonature-para-formar-en-2020-a-fotografos-en-cine-gastronomia-astronomia-y-moda\\\/#breadcrumb\",\"itemListElement\":[{\"@type\":\"ListItem\",\"position\":1,\"name\":\"Portada\",\"item\":\"https:\\\/\\\/saborealapalma.es\\\/\"},{\"@type\":\"ListItem\",\"position\":2,\"name\":\"Sodepal reinventa Fotonature para formar en 2020 a fot\u00f3grafos en cine, gastronom\u00eda, astronom\u00eda y moda\"}]},{\"@type\":\"WebSite\",\"@id\":\"https:\\\/\\\/saborealapalma.es\\\/#website\",\"url\":\"https:\\\/\\\/saborealapalma.es\\\/\",\"name\":\"Saborea La Palma\",\"description\":\"Saborea La Palma es el proyecto que lidera la Sociedad de Promoci\u00f3n Econ\u00f3mica de La Palma (SODEPAL S.A.U.M.P), empresa p\u00fablica dependiente de Cabildo Insular de La Palma, para la revalorizaci\u00f3n y el posicionamiento de la gastronom\u00eda palmera en los mercados regionales, nacionales e internacionales.\",\"potentialAction\":[{\"@type\":\"SearchAction\",\"target\":{\"@type\":\"EntryPoint\",\"urlTemplate\":\"https:\\\/\\\/saborealapalma.es\\\/?s={search_term_string}\"},\"query-input\":{\"@type\":\"PropertyValueSpecification\",\"valueRequired\":true,\"valueName\":\"search_term_string\"}}],\"inLanguage\":\"it-IT\"},{\"@type\":\"Person\",\"@id\":\"https:\\\/\\\/saborealapalma.es\\\/#\\\/schema\\\/person\\\/5184c05828c0a459bbca73a6b4e6b4dc\",\"name\":\"Saborea La Palma\",\"url\":\"https:\\\/\\\/saborealapalma.es\\\/it\\\/blog\\\/author\\\/ivcabeza\\\/\"}]}<\/script>\n<!-- \/ Yoast SEO plugin. -->","yoast_head_json":{"title":"Sodepal reinventa Fotonature para formar en 2020 a fot\u00f3grafos en cine, gastronom\u00eda, astronom\u00eda y moda - Saborea La Palma","robots":{"index":"index","follow":"follow","max-snippet":"max-snippet:-1","max-image-preview":"max-image-preview:large","max-video-preview":"max-video-preview:-1"},"canonical":"https:\/\/saborealapalma.es\/it\/blog\/2020\/10\/03\/sodepal-reinventa-fotonature-para-formar-en-2020-a-fotografos-en-cine-gastronomia-astronomia-y-moda\/","og_locale":"it_IT","og_type":"article","og_title":"Sodepal reinventa Fotonature para formar en 2020 a fot\u00f3grafos en cine, gastronom\u00eda, astronom\u00eda y moda - Saborea La Palma","og_description":"La sociedad p\u00fablica\u00a0Sodepal mantiene abiertas las inscripciones para el proyecto Fotonature La Palma 2020, que en esta edici\u00f3n se ha tenido que adaptar a la nueva normalidad para ofrecer entre los d\u00edas 20 y 22 de noviembre tanto una versi\u00f3n presencial como otra virtual. La empresa del Cabildo de La...","og_url":"https:\/\/saborealapalma.es\/it\/blog\/2020\/10\/03\/sodepal-reinventa-fotonature-para-formar-en-2020-a-fotografos-en-cine-gastronomia-astronomia-y-moda\/","og_site_name":"Saborea La Palma","article_published_time":"2020-10-03T15:26:06+00:00","article_modified_time":"2020-10-28T17:48:50+00:00","og_image":[{"width":400,"height":400,"url":"https:\/\/saborealapalma.es\/wp-content\/uploads\/2020\/10\/fotonature.png","type":"image\/png"}],"author":"Saborea La Palma","twitter_card":"summary_large_image","twitter_misc":{"Scritto da":"Saborea La Palma","Tempo di lettura stimato":"3 minuti"},"schema":{"@context":"https:\/\/schema.org","@graph":[{"@type":"Article","@id":"https:\/\/saborealapalma.es\/blog\/2020\/10\/03\/sodepal-reinventa-fotonature-para-formar-en-2020-a-fotografos-en-cine-gastronomia-astronomia-y-moda\/#article","isPartOf":{"@id":"https:\/\/saborealapalma.es\/blog\/2020\/10\/03\/sodepal-reinventa-fotonature-para-formar-en-2020-a-fotografos-en-cine-gastronomia-astronomia-y-moda\/"},"author":{"name":"Saborea La Palma","@id":"https:\/\/saborealapalma.es\/#\/schema\/person\/5184c05828c0a459bbca73a6b4e6b4dc"},"headline":"Sodepal reinventa Fotonature para formar en 2020 a fot\u00f3grafos en cine, gastronom\u00eda, astronom\u00eda y moda","datePublished":"2020-10-03T15:26:06+00:00","dateModified":"2020-10-28T17:48:50+00:00","mainEntityOfPage":{"@id":"https:\/\/saborealapalma.es\/blog\/2020\/10\/03\/sodepal-reinventa-fotonature-para-formar-en-2020-a-fotografos-en-cine-gastronomia-astronomia-y-moda\/"},"wordCount":692,"image":{"@id":"https:\/\/saborealapalma.es\/blog\/2020\/10\/03\/sodepal-reinventa-fotonature-para-formar-en-2020-a-fotografos-en-cine-gastronomia-astronomia-y-moda\/#primaryimage"},"thumbnailUrl":"https:\/\/saborealapalma.es\/wp-content\/uploads\/2020\/10\/fotonature.png","articleSection":["Noticias Saborea"],"inLanguage":"it-IT"},{"@type":"WebPage","@id":"https:\/\/saborealapalma.es\/blog\/2020\/10\/03\/sodepal-reinventa-fotonature-para-formar-en-2020-a-fotografos-en-cine-gastronomia-astronomia-y-moda\/","url":"https:\/\/saborealapalma.es\/blog\/2020\/10\/03\/sodepal-reinventa-fotonature-para-formar-en-2020-a-fotografos-en-cine-gastronomia-astronomia-y-moda\/","name":"Sodepal reinventa Fotonature para formar en 2020 a fot\u00f3grafos en cine, gastronom\u00eda, astronom\u00eda y moda - Saborea La Palma","isPartOf":{"@id":"https:\/\/saborealapalma.es\/#website"},"primaryImageOfPage":{"@id":"https:\/\/saborealapalma.es\/blog\/2020\/10\/03\/sodepal-reinventa-fotonature-para-formar-en-2020-a-fotografos-en-cine-gastronomia-astronomia-y-moda\/#primaryimage"},"image":{"@id":"https:\/\/saborealapalma.es\/blog\/2020\/10\/03\/sodepal-reinventa-fotonature-para-formar-en-2020-a-fotografos-en-cine-gastronomia-astronomia-y-moda\/#primaryimage"},"thumbnailUrl":"https:\/\/saborealapalma.es\/wp-content\/uploads\/2020\/10\/fotonature.png","datePublished":"2020-10-03T15:26:06+00:00","dateModified":"2020-10-28T17:48:50+00:00","author":{"@id":"https:\/\/saborealapalma.es\/#\/schema\/person\/5184c05828c0a459bbca73a6b4e6b4dc"},"breadcrumb":{"@id":"https:\/\/saborealapalma.es\/blog\/2020\/10\/03\/sodepal-reinventa-fotonature-para-formar-en-2020-a-fotografos-en-cine-gastronomia-astronomia-y-moda\/#breadcrumb"},"inLanguage":"it-IT","potentialAction":[{"@type":"ReadAction","target":["https:\/\/saborealapalma.es\/blog\/2020\/10\/03\/sodepal-reinventa-fotonature-para-formar-en-2020-a-fotografos-en-cine-gastronomia-astronomia-y-moda\/"]}]},{"@type":"ImageObject","inLanguage":"it-IT","@id":"https:\/\/saborealapalma.es\/blog\/2020\/10\/03\/sodepal-reinventa-fotonature-para-formar-en-2020-a-fotografos-en-cine-gastronomia-astronomia-y-moda\/#primaryimage","url":"https:\/\/saborealapalma.es\/wp-content\/uploads\/2020\/10\/fotonature.png","contentUrl":"https:\/\/saborealapalma.es\/wp-content\/uploads\/2020\/10\/fotonature.png","width":400,"height":400},{"@type":"BreadcrumbList","@id":"https:\/\/saborealapalma.es\/blog\/2020\/10\/03\/sodepal-reinventa-fotonature-para-formar-en-2020-a-fotografos-en-cine-gastronomia-astronomia-y-moda\/#breadcrumb","itemListElement":[{"@type":"ListItem","position":1,"name":"Portada","item":"https:\/\/saborealapalma.es\/"},{"@type":"ListItem","position":2,"name":"Sodepal reinventa Fotonature para formar en 2020 a fot\u00f3grafos en cine, gastronom\u00eda, astronom\u00eda y moda"}]},{"@type":"WebSite","@id":"https:\/\/saborealapalma.es\/#website","url":"https:\/\/saborealapalma.es\/","name":"Assaggia La Palma","description":"Saborea La Palma \u00e8 il progetto guidato dalla Sociedad de Promoci\u00f3n Econ\u00f3mica de La Palma (SODEPAL S.A.U.M.P), una societ\u00e0 pubblica dipendente dal Cabildo Insular de La Palma, per la rivalutazione e il posizionamento della gastronomia di La Palma nei mercati regionali, nazionali e internazionali.","potentialAction":[{"@type":"SearchAction","target":{"@type":"EntryPoint","urlTemplate":"https:\/\/saborealapalma.es\/?s={search_term_string}"},"query-input":{"@type":"PropertyValueSpecification","valueRequired":true,"valueName":"search_term_string"}}],"inLanguage":"it-IT"},{"@type":"Person","@id":"https:\/\/saborealapalma.es\/#\/schema\/person\/5184c05828c0a459bbca73a6b4e6b4dc","name":"Assaggia La Palma","url":"https:\/\/saborealapalma.es\/it\/blog\/author\/ivcabeza\/"}]}},"_links":{"self":[{"href":"https:\/\/saborealapalma.es\/it\/wp-json\/wp\/v2\/posts\/293","targetHints":{"allow":["GET"]}}],"collection":[{"href":"https:\/\/saborealapalma.es\/it\/wp-json\/wp\/v2\/posts"}],"about":[{"href":"https:\/\/saborealapalma.es\/it\/wp-json\/wp\/v2\/types\/post"}],"author":[{"embeddable":true,"href":"https:\/\/saborealapalma.es\/it\/wp-json\/wp\/v2\/users\/4"}],"replies":[{"embeddable":true,"href":"https:\/\/saborealapalma.es\/it\/wp-json\/wp\/v2\/comments?post=293"}],"version-history":[{"count":0,"href":"https:\/\/saborealapalma.es\/it\/wp-json\/wp\/v2\/posts\/293\/revisions"}],"wp:featuredmedia":[{"embeddable":true,"href":"https:\/\/saborealapalma.es\/it\/wp-json\/wp\/v2\/media\/314"}],"wp:attachment":[{"href":"https:\/\/saborealapalma.es\/it\/wp-json\/wp\/v2\/media?parent=293"}],"wp:term":[{"taxonomy":"category","embeddable":true,"href":"https:\/\/saborealapalma.es\/it\/wp-json\/wp\/v2\/categories?post=293"},{"taxonomy":"post_tag","embeddable":true,"href":"https:\/\/saborealapalma.es\/it\/wp-json\/wp\/v2\/tags?post=293"}],"curies":[{"name":"wp","href":"https:\/\/api.w.org\/{rel}","templated":true}]}}