{"id":4982,"date":"2023-03-02T19:50:29","date_gmt":"2023-03-02T19:50:29","guid":{"rendered":"https:\/\/saborealapalma.es\/?p=4982"},"modified":"2023-03-02T19:50:29","modified_gmt":"2023-03-02T19:50:29","slug":"fivipal-ya-tiene-cartel-despues-de-tres-podas-vuelve-fivipal","status":"publish","type":"post","link":"https:\/\/saborealapalma.es\/it\/blog\/2023\/03\/02\/fivipal-ya-tiene-cartel-despues-de-tres-podas-vuelve-fivipal\/","title":{"rendered":"Fivipal ha gi\u00e0 un manifesto. \"Dopo tre potature la Fivipal \u00e8 tornata\"."},"content":{"rendered":"<p>La Commissione di controllo presenta il poster Fivipal 2023 con un vigneto sull'isola.<\/p>\n<p>La Plaza de Espa\u00f1a di Los Llanos de Aridane sar\u00e0 la cornice di questa fiera, dove si potranno degustare vini di Tenegu\u00eda\/Llanos Negros, Vega Norte\/TAEDIUM, Vitega, Tamanca, Vi\u00f1arda, mil7ochentaynueve, Acer\u00f3 e Azul Perdido, il che la rende un'ottima occasione per conoscere alcuni dei vini prodotti sull'isola. Le creazioni gastronomiche saranno fornite dalle aziende di catering Caf\u00e9 Marex, Bar Savoy, Asociaci\u00f3n de Criadores Cabra Raza Palmera, Bar Cafeter\u00eda El Sevillano, Tomo Sushi, Un d\u00eda es Un D\u00eda, oltre che dal CIFP Virgen de Las Nieves.<\/p>\n<p>La protagonista del nostro manifesto \u00e8 la viticoltrice Mar\u00eda de Las Nieves Hern\u00e1ndez Triana, che ha prestato la sua immagine per annunciare questo evento tanto atteso, \"FIVIPAL 2023\", che si presenta come un appuntamento con i vini di La Palma, la gastronomia e la musica, che in questa occasione sar\u00e0 fornita da DJ Calamity Jane e DJ Jacob.<\/p>\n<p>Dal Consiglio Regolatore della Denominazione di Origine dei Vini di La Palma e dagli altri enti organizzatori, il Comune di Los Llanos de Aridane attraverso il suo Dipartimento delle Feste, cos\u00ec come le associazioni imprenditoriali del comune (La Zona Commerciale Aperta di Los Llanos de Aridane, L'Associazione dei Commercianti della Zona Aperta); e collaboratori come il Cabildo Insular de La Palma, ed entit\u00e0 come Cit Tedote Asdetur, Saborea La Palma, CajaSiete, Hielos Las Toscas, Palmaflor, Agusa, CIFP Virgen de Las Nieves e Pr\u00f3teas de La Palma, vorremmo invitare tutti a rivivere il grande successo delle passate edizioni di FIVIPAL e a condividere le esperienze intorno a questo grande evento il cui obiettivo principale \u00e8 promuovere i vini di La Palma e i prodotti locali di qualit\u00e0.<\/p>","protected":false},"excerpt":{"rendered":"<p>La Commissione di Controllo presenta il manifesto Fivipal 2023 con la viticoltura dell'isola. La Plaza de Espa\u00f1a di Los Llanos de Aridane sar\u00e0 lo scenario di questa fiera, dove si potranno degustare i vini di Tenegu\u00eda\/Llanos Negros, Vega Norte\/TAEDIUM, Vitega, Tamanca, Vi\u00f1arda, mil7ochentaynueve, Acer\u00f3 e Azul Perdido, per...<\/p>","protected":false},"author":4,"featured_media":4984,"comment_status":"closed","ping_status":"closed","sticky":false,"template":"","format":"standard","meta":{"footnotes":""},"categories":[1,21],"tags":[],"class_list":["post-4982","post","type-post","status-publish","format-standard","has-post-thumbnail","hentry","category-blogsaborea","category-noticias-saborea"],"yoast_head":"<!-- This site is optimized with the Yoast SEO plugin v27.5 - https:\/\/yoast.com\/product\/yoast-seo-wordpress\/ -->\n<title>Fivipal ya tiene cartel. \u201cDespu\u00e9s de tres podas vuelve Fivipal\u201d - Saborea La Palma<\/title>\n<meta name=\"robots\" content=\"index, follow, max-snippet:-1, max-image-preview:large, max-video-preview:-1\" \/>\n<link rel=\"canonical\" href=\"https:\/\/saborealapalma.es\/it\/blog\/2023\/03\/02\/fivipal-ya-tiene-cartel-despues-de-tres-podas-vuelve-fivipal\/\" \/>\n<meta property=\"og:locale\" content=\"it_IT\" \/>\n<meta property=\"og:type\" content=\"article\" \/>\n<meta property=\"og:title\" content=\"Fivipal ya tiene cartel. \u201cDespu\u00e9s de tres podas vuelve Fivipal\u201d - Saborea La Palma\" \/>\n<meta property=\"og:description\" content=\"El Consejo Regulador presenta el cartel Fivipal 2023 protagonizado por una viticultura de la isla. La Plaza de Espa\u00f1a de Los Llanos de Aridane ser\u00e1 el escenario de esta feria en la que podr\u00e1s degustar vinos de Tenegu\u00eda\/Llanos Negros, Vega Norte\/TAEDIUM, Vitega, Tamanca, Vi\u00f1arda, mil7ochentaynueve, Acer\u00f3 y Azul Perdido, por...\" \/>\n<meta property=\"og:url\" content=\"https:\/\/saborealapalma.es\/it\/blog\/2023\/03\/02\/fivipal-ya-tiene-cartel-despues-de-tres-podas-vuelve-fivipal\/\" \/>\n<meta property=\"og:site_name\" content=\"Saborea La Palma\" \/>\n<meta property=\"article:published_time\" content=\"2023-03-02T19:50:29+00:00\" \/>\n<meta property=\"og:image\" content=\"https:\/\/saborealapalma.es\/wp-content\/uploads\/2023\/03\/cartel-fivipal-2023.jpg\" \/>\n\t<meta property=\"og:image:width\" content=\"1100\" \/>\n\t<meta property=\"og:image:height\" content=\"1562\" \/>\n\t<meta property=\"og:image:type\" content=\"image\/jpeg\" \/>\n<meta name=\"author\" content=\"Saborea La Palma\" \/>\n<meta name=\"twitter:card\" content=\"summary_large_image\" \/>\n<meta name=\"twitter:label1\" content=\"Scritto da\" \/>\n\t<meta name=\"twitter:data1\" content=\"Saborea La Palma\" \/>\n\t<meta name=\"twitter:label2\" content=\"Tempo di lettura stimato\" \/>\n\t<meta name=\"twitter:data2\" content=\"2 minuti\" \/>\n<script type=\"application\/ld+json\" class=\"yoast-schema-graph\">{\"@context\":\"https:\\\/\\\/schema.org\",\"@graph\":[{\"@type\":\"Article\",\"@id\":\"https:\\\/\\\/saborealapalma.es\\\/blog\\\/2023\\\/03\\\/02\\\/fivipal-ya-tiene-cartel-despues-de-tres-podas-vuelve-fivipal\\\/#article\",\"isPartOf\":{\"@id\":\"https:\\\/\\\/saborealapalma.es\\\/blog\\\/2023\\\/03\\\/02\\\/fivipal-ya-tiene-cartel-despues-de-tres-podas-vuelve-fivipal\\\/\"},\"author\":{\"name\":\"Saborea La Palma\",\"@id\":\"https:\\\/\\\/saborealapalma.es\\\/#\\\/schema\\\/person\\\/5184c05828c0a459bbca73a6b4e6b4dc\"},\"headline\":\"Fivipal ya tiene cartel. \u201cDespu\u00e9s de tres podas vuelve Fivipal\u201d\",\"datePublished\":\"2023-03-02T19:50:29+00:00\",\"mainEntityOfPage\":{\"@id\":\"https:\\\/\\\/saborealapalma.es\\\/blog\\\/2023\\\/03\\\/02\\\/fivipal-ya-tiene-cartel-despues-de-tres-podas-vuelve-fivipal\\\/\"},\"wordCount\":334,\"image\":{\"@id\":\"https:\\\/\\\/saborealapalma.es\\\/blog\\\/2023\\\/03\\\/02\\\/fivipal-ya-tiene-cartel-despues-de-tres-podas-vuelve-fivipal\\\/#primaryimage\"},\"thumbnailUrl\":\"https:\\\/\\\/saborealapalma.es\\\/wp-content\\\/uploads\\\/2023\\\/03\\\/cartel-fivipal-2023.jpg\",\"articleSection\":[\"Blog Saborea\",\"Noticias Saborea\"],\"inLanguage\":\"it-IT\"},{\"@type\":\"WebPage\",\"@id\":\"https:\\\/\\\/saborealapalma.es\\\/blog\\\/2023\\\/03\\\/02\\\/fivipal-ya-tiene-cartel-despues-de-tres-podas-vuelve-fivipal\\\/\",\"url\":\"https:\\\/\\\/saborealapalma.es\\\/blog\\\/2023\\\/03\\\/02\\\/fivipal-ya-tiene-cartel-despues-de-tres-podas-vuelve-fivipal\\\/\",\"name\":\"Fivipal ya tiene cartel. \u201cDespu\u00e9s de tres podas vuelve Fivipal\u201d - Saborea La Palma\",\"isPartOf\":{\"@id\":\"https:\\\/\\\/saborealapalma.es\\\/#website\"},\"primaryImageOfPage\":{\"@id\":\"https:\\\/\\\/saborealapalma.es\\\/blog\\\/2023\\\/03\\\/02\\\/fivipal-ya-tiene-cartel-despues-de-tres-podas-vuelve-fivipal\\\/#primaryimage\"},\"image\":{\"@id\":\"https:\\\/\\\/saborealapalma.es\\\/blog\\\/2023\\\/03\\\/02\\\/fivipal-ya-tiene-cartel-despues-de-tres-podas-vuelve-fivipal\\\/#primaryimage\"},\"thumbnailUrl\":\"https:\\\/\\\/saborealapalma.es\\\/wp-content\\\/uploads\\\/2023\\\/03\\\/cartel-fivipal-2023.jpg\",\"datePublished\":\"2023-03-02T19:50:29+00:00\",\"author\":{\"@id\":\"https:\\\/\\\/saborealapalma.es\\\/#\\\/schema\\\/person\\\/5184c05828c0a459bbca73a6b4e6b4dc\"},\"breadcrumb\":{\"@id\":\"https:\\\/\\\/saborealapalma.es\\\/blog\\\/2023\\\/03\\\/02\\\/fivipal-ya-tiene-cartel-despues-de-tres-podas-vuelve-fivipal\\\/#breadcrumb\"},\"inLanguage\":\"it-IT\",\"potentialAction\":[{\"@type\":\"ReadAction\",\"target\":[\"https:\\\/\\\/saborealapalma.es\\\/blog\\\/2023\\\/03\\\/02\\\/fivipal-ya-tiene-cartel-despues-de-tres-podas-vuelve-fivipal\\\/\"]}]},{\"@type\":\"ImageObject\",\"inLanguage\":\"it-IT\",\"@id\":\"https:\\\/\\\/saborealapalma.es\\\/blog\\\/2023\\\/03\\\/02\\\/fivipal-ya-tiene-cartel-despues-de-tres-podas-vuelve-fivipal\\\/#primaryimage\",\"url\":\"https:\\\/\\\/saborealapalma.es\\\/wp-content\\\/uploads\\\/2023\\\/03\\\/cartel-fivipal-2023.jpg\",\"contentUrl\":\"https:\\\/\\\/saborealapalma.es\\\/wp-content\\\/uploads\\\/2023\\\/03\\\/cartel-fivipal-2023.jpg\",\"width\":1100,\"height\":1562},{\"@type\":\"BreadcrumbList\",\"@id\":\"https:\\\/\\\/saborealapalma.es\\\/blog\\\/2023\\\/03\\\/02\\\/fivipal-ya-tiene-cartel-despues-de-tres-podas-vuelve-fivipal\\\/#breadcrumb\",\"itemListElement\":[{\"@type\":\"ListItem\",\"position\":1,\"name\":\"Portada\",\"item\":\"https:\\\/\\\/saborealapalma.es\\\/\"},{\"@type\":\"ListItem\",\"position\":2,\"name\":\"Fivipal ya tiene cartel. \u201cDespu\u00e9s de tres podas vuelve Fivipal\u201d\"}]},{\"@type\":\"WebSite\",\"@id\":\"https:\\\/\\\/saborealapalma.es\\\/#website\",\"url\":\"https:\\\/\\\/saborealapalma.es\\\/\",\"name\":\"Saborea La Palma\",\"description\":\"Saborea La Palma es el proyecto que lidera la Sociedad de Promoci\u00f3n Econ\u00f3mica de La Palma (SODEPAL S.A.U.M.P), empresa p\u00fablica dependiente de Cabildo Insular de La Palma, para la revalorizaci\u00f3n y el posicionamiento de la gastronom\u00eda palmera en los mercados regionales, nacionales e internacionales.\",\"potentialAction\":[{\"@type\":\"SearchAction\",\"target\":{\"@type\":\"EntryPoint\",\"urlTemplate\":\"https:\\\/\\\/saborealapalma.es\\\/?s={search_term_string}\"},\"query-input\":{\"@type\":\"PropertyValueSpecification\",\"valueRequired\":true,\"valueName\":\"search_term_string\"}}],\"inLanguage\":\"it-IT\"},{\"@type\":\"Person\",\"@id\":\"https:\\\/\\\/saborealapalma.es\\\/#\\\/schema\\\/person\\\/5184c05828c0a459bbca73a6b4e6b4dc\",\"name\":\"Saborea La Palma\",\"url\":\"https:\\\/\\\/saborealapalma.es\\\/it\\\/blog\\\/author\\\/ivcabeza\\\/\"}]}<\/script>\n<!-- \/ Yoast SEO plugin. -->","yoast_head_json":{"title":"Fivipal ya tiene cartel. \u201cDespu\u00e9s de tres podas vuelve Fivipal\u201d - Saborea La Palma","robots":{"index":"index","follow":"follow","max-snippet":"max-snippet:-1","max-image-preview":"max-image-preview:large","max-video-preview":"max-video-preview:-1"},"canonical":"https:\/\/saborealapalma.es\/it\/blog\/2023\/03\/02\/fivipal-ya-tiene-cartel-despues-de-tres-podas-vuelve-fivipal\/","og_locale":"it_IT","og_type":"article","og_title":"Fivipal ya tiene cartel. \u201cDespu\u00e9s de tres podas vuelve Fivipal\u201d - Saborea La Palma","og_description":"El Consejo Regulador presenta el cartel Fivipal 2023 protagonizado por una viticultura de la isla. La Plaza de Espa\u00f1a de Los Llanos de Aridane ser\u00e1 el escenario de esta feria en la que podr\u00e1s degustar vinos de Tenegu\u00eda\/Llanos Negros, Vega Norte\/TAEDIUM, Vitega, Tamanca, Vi\u00f1arda, mil7ochentaynueve, Acer\u00f3 y Azul Perdido, por...","og_url":"https:\/\/saborealapalma.es\/it\/blog\/2023\/03\/02\/fivipal-ya-tiene-cartel-despues-de-tres-podas-vuelve-fivipal\/","og_site_name":"Saborea La Palma","article_published_time":"2023-03-02T19:50:29+00:00","og_image":[{"width":1100,"height":1562,"url":"https:\/\/saborealapalma.es\/wp-content\/uploads\/2023\/03\/cartel-fivipal-2023.jpg","type":"image\/jpeg"}],"author":"Saborea La Palma","twitter_card":"summary_large_image","twitter_misc":{"Scritto da":"Saborea La Palma","Tempo di lettura stimato":"2 minuti"},"schema":{"@context":"https:\/\/schema.org","@graph":[{"@type":"Article","@id":"https:\/\/saborealapalma.es\/blog\/2023\/03\/02\/fivipal-ya-tiene-cartel-despues-de-tres-podas-vuelve-fivipal\/#article","isPartOf":{"@id":"https:\/\/saborealapalma.es\/blog\/2023\/03\/02\/fivipal-ya-tiene-cartel-despues-de-tres-podas-vuelve-fivipal\/"},"author":{"name":"Saborea La Palma","@id":"https:\/\/saborealapalma.es\/#\/schema\/person\/5184c05828c0a459bbca73a6b4e6b4dc"},"headline":"Fivipal ya tiene cartel. \u201cDespu\u00e9s de tres podas vuelve Fivipal\u201d","datePublished":"2023-03-02T19:50:29+00:00","mainEntityOfPage":{"@id":"https:\/\/saborealapalma.es\/blog\/2023\/03\/02\/fivipal-ya-tiene-cartel-despues-de-tres-podas-vuelve-fivipal\/"},"wordCount":334,"image":{"@id":"https:\/\/saborealapalma.es\/blog\/2023\/03\/02\/fivipal-ya-tiene-cartel-despues-de-tres-podas-vuelve-fivipal\/#primaryimage"},"thumbnailUrl":"https:\/\/saborealapalma.es\/wp-content\/uploads\/2023\/03\/cartel-fivipal-2023.jpg","articleSection":["Blog Saborea","Noticias Saborea"],"inLanguage":"it-IT"},{"@type":"WebPage","@id":"https:\/\/saborealapalma.es\/blog\/2023\/03\/02\/fivipal-ya-tiene-cartel-despues-de-tres-podas-vuelve-fivipal\/","url":"https:\/\/saborealapalma.es\/blog\/2023\/03\/02\/fivipal-ya-tiene-cartel-despues-de-tres-podas-vuelve-fivipal\/","name":"Fivipal ya tiene cartel. \u201cDespu\u00e9s de tres podas vuelve Fivipal\u201d - Saborea La Palma","isPartOf":{"@id":"https:\/\/saborealapalma.es\/#website"},"primaryImageOfPage":{"@id":"https:\/\/saborealapalma.es\/blog\/2023\/03\/02\/fivipal-ya-tiene-cartel-despues-de-tres-podas-vuelve-fivipal\/#primaryimage"},"image":{"@id":"https:\/\/saborealapalma.es\/blog\/2023\/03\/02\/fivipal-ya-tiene-cartel-despues-de-tres-podas-vuelve-fivipal\/#primaryimage"},"thumbnailUrl":"https:\/\/saborealapalma.es\/wp-content\/uploads\/2023\/03\/cartel-fivipal-2023.jpg","datePublished":"2023-03-02T19:50:29+00:00","author":{"@id":"https:\/\/saborealapalma.es\/#\/schema\/person\/5184c05828c0a459bbca73a6b4e6b4dc"},"breadcrumb":{"@id":"https:\/\/saborealapalma.es\/blog\/2023\/03\/02\/fivipal-ya-tiene-cartel-despues-de-tres-podas-vuelve-fivipal\/#breadcrumb"},"inLanguage":"it-IT","potentialAction":[{"@type":"ReadAction","target":["https:\/\/saborealapalma.es\/blog\/2023\/03\/02\/fivipal-ya-tiene-cartel-despues-de-tres-podas-vuelve-fivipal\/"]}]},{"@type":"ImageObject","inLanguage":"it-IT","@id":"https:\/\/saborealapalma.es\/blog\/2023\/03\/02\/fivipal-ya-tiene-cartel-despues-de-tres-podas-vuelve-fivipal\/#primaryimage","url":"https:\/\/saborealapalma.es\/wp-content\/uploads\/2023\/03\/cartel-fivipal-2023.jpg","contentUrl":"https:\/\/saborealapalma.es\/wp-content\/uploads\/2023\/03\/cartel-fivipal-2023.jpg","width":1100,"height":1562},{"@type":"BreadcrumbList","@id":"https:\/\/saborealapalma.es\/blog\/2023\/03\/02\/fivipal-ya-tiene-cartel-despues-de-tres-podas-vuelve-fivipal\/#breadcrumb","itemListElement":[{"@type":"ListItem","position":1,"name":"Portada","item":"https:\/\/saborealapalma.es\/"},{"@type":"ListItem","position":2,"name":"Fivipal ya tiene cartel. \u201cDespu\u00e9s de tres podas vuelve Fivipal\u201d"}]},{"@type":"WebSite","@id":"https:\/\/saborealapalma.es\/#website","url":"https:\/\/saborealapalma.es\/","name":"Assaggia La Palma","description":"Saborea La Palma \u00e8 il progetto guidato dalla Sociedad de Promoci\u00f3n Econ\u00f3mica de La Palma (SODEPAL S.A.U.M.P), una societ\u00e0 pubblica dipendente dal Cabildo Insular de La Palma, per la rivalutazione e il posizionamento della gastronomia di La Palma nei mercati regionali, nazionali e internazionali.","potentialAction":[{"@type":"SearchAction","target":{"@type":"EntryPoint","urlTemplate":"https:\/\/saborealapalma.es\/?s={search_term_string}"},"query-input":{"@type":"PropertyValueSpecification","valueRequired":true,"valueName":"search_term_string"}}],"inLanguage":"it-IT"},{"@type":"Person","@id":"https:\/\/saborealapalma.es\/#\/schema\/person\/5184c05828c0a459bbca73a6b4e6b4dc","name":"Assaggia La Palma","url":"https:\/\/saborealapalma.es\/it\/blog\/author\/ivcabeza\/"}]}},"_links":{"self":[{"href":"https:\/\/saborealapalma.es\/it\/wp-json\/wp\/v2\/posts\/4982","targetHints":{"allow":["GET"]}}],"collection":[{"href":"https:\/\/saborealapalma.es\/it\/wp-json\/wp\/v2\/posts"}],"about":[{"href":"https:\/\/saborealapalma.es\/it\/wp-json\/wp\/v2\/types\/post"}],"author":[{"embeddable":true,"href":"https:\/\/saborealapalma.es\/it\/wp-json\/wp\/v2\/users\/4"}],"replies":[{"embeddable":true,"href":"https:\/\/saborealapalma.es\/it\/wp-json\/wp\/v2\/comments?post=4982"}],"version-history":[{"count":0,"href":"https:\/\/saborealapalma.es\/it\/wp-json\/wp\/v2\/posts\/4982\/revisions"}],"wp:featuredmedia":[{"embeddable":true,"href":"https:\/\/saborealapalma.es\/it\/wp-json\/wp\/v2\/media\/4984"}],"wp:attachment":[{"href":"https:\/\/saborealapalma.es\/it\/wp-json\/wp\/v2\/media?parent=4982"}],"wp:term":[{"taxonomy":"category","embeddable":true,"href":"https:\/\/saborealapalma.es\/it\/wp-json\/wp\/v2\/categories?post=4982"},{"taxonomy":"post_tag","embeddable":true,"href":"https:\/\/saborealapalma.es\/it\/wp-json\/wp\/v2\/tags?post=4982"}],"curies":[{"name":"wp","href":"https:\/\/api.w.org\/{rel}","templated":true}]}}