{"id":835,"date":"2021-04-13T13:04:56","date_gmt":"2021-04-13T12:04:56","guid":{"rendered":"http:\/\/saborealapalma.es\/?p=835"},"modified":"2021-04-13T13:04:56","modified_gmt":"2021-04-13T12:04:56","slug":"sodepal-llega-a-cerca-de-100-000-personas-en-las-redes-sociales-a-traves-de-la-campana-a-que-sabe-la-palma","status":"publish","type":"post","link":"https:\/\/saborealapalma.es\/it\/blog\/2021\/04\/13\/sodepal-llega-a-cerca-de-100-000-personas-en-las-redes-sociales-a-traves-de-la-campana-a-que-sabe-la-palma\/","title":{"rendered":"Sodepal raggiunge quasi 100.000 persone sui social network attraverso la campagna \"Che sapore ha La Palma?\"."},"content":{"rendered":"<p>L'Assessore alla Promozione Economica, Raquel D\u00edaz, \u00e8 grata per la risposta dei residenti e dei turisti a questa azione, che si svolge nell'ambito di Saborea La Palma.<\/p>\n<p>&nbsp;<\/p>\n<p>La campagna 'Che sapore ha La Palma', lanciata dall'azienda pubblica Sodepal attraverso il progetto 'Saborea La Palma', finanziato dal Dipartimento del Turismo dell'isola, ha avuto una portata eccezionale attraverso le varie piattaforme digitali, superando anche le aspettative che erano state riposte in questa azione.<\/p>\n<p>&nbsp;<\/p>\n<p>Le statistiche disponibili rivelano che 78.940 persone hanno raggiunto la campagna su Facebook e 19.534 su Instagram, con un aumento di 1.026% e 1014,3%, rispettivamente, rispetto alla diffusione precedente. L'interazione in questa campagna ha raggiunto 17.625 persone, suscitando un aumento di 1.652% tra i follower delle reti sociali del progetto Saborea La Palma.<\/p>\n<p>&nbsp;<\/p>\n<p>Raquel D\u00edaz, CEO di Sodepal e responsabile dello Sviluppo Economico dell'isola, ha espresso la sua gratitudine per l'accoglienza che la campagna ha ricevuto da parte di residenti e visitatori, che sono stati incoraggiati a interagire. \"Questo coinvolgimento \u00e8 di vitale importanza, soprattutto nel contesto attuale in cui tutte le iniziative devono essere finalizzate a sommarsi a favore di un settore che ha bisogno del nostro sostegno\", ha sottolineato.<\/p>\n<p>&nbsp;<\/p>\n<p>Raquel D\u00edaz ha posto un accento particolare sullo \"sforzo che i ristoratori dell'isola, compresi i produttori, compiono ogni giorno per mantenere viva la loro attivit\u00e0\", una realt\u00e0 \"che obbliga noi di Sodepal, in quanto azienda pubblica, a essere coinvolti e impegnati in un modo senza precedenti\".<\/p>\n<p>&nbsp;<\/p>\n<p>La campagna centrale 'Che sapore ha La Palma', ancora in corso, ha avuto diverse risposte, anche se tutte coincidono nel mettere in evidenza gli alti valori gastronomici dell'isola.<\/p>\n<p>&nbsp;<\/p>\n<p>L'Assessore alla Promozione Economica, che ha anche ringraziato tutte le persone che hanno partecipato ai video utilizzati per promuovere la campagna, ha informato che questa azione \"\u00e8 una nuova strategia per posizionare La Palma come destinazione turistica gastronomica\".<\/p>","protected":false},"excerpt":{"rendered":"<p>L'Assessore alla Promozione Economica, Raquel D\u00edaz, \u00e8 grata per la risposta dei residenti e dei turisti a questa azione, realizzata nell'ambito di Saborea La Palma.   La campagna 'Che sapore ha La Palma', lanciata dall'azienda pubblica Sodepal attraverso il progetto 'Saborea La Palma',...<\/p>","protected":false},"author":5,"featured_media":836,"comment_status":"closed","ping_status":"closed","sticky":false,"template":"","format":"standard","meta":{"footnotes":""},"categories":[1,21],"tags":[],"class_list":["post-835","post","type-post","status-publish","format-standard","has-post-thumbnail","hentry","category-blogsaborea","category-noticias-saborea"],"yoast_head":"<!-- This site is optimized with the Yoast SEO plugin v27.5 - https:\/\/yoast.com\/product\/yoast-seo-wordpress\/ -->\n<title>Sodepal llega a cerca de 100.000 personas en las redes sociales a trav\u00e9s de la campa\u00f1a &quot;\u00bfA qu\u00e9 sabe La Palma?&quot; - Saborea La Palma<\/title>\n<meta name=\"robots\" content=\"index, follow, max-snippet:-1, max-image-preview:large, max-video-preview:-1\" \/>\n<link rel=\"canonical\" href=\"https:\/\/saborealapalma.es\/it\/blog\/2021\/04\/13\/sodepal-llega-a-cerca-de-100-000-personas-en-las-redes-sociales-a-traves-de-la-campana-a-que-sabe-la-palma\/\" \/>\n<meta property=\"og:locale\" content=\"it_IT\" \/>\n<meta property=\"og:type\" content=\"article\" \/>\n<meta property=\"og:title\" content=\"Sodepal llega a cerca de 100.000 personas en las redes sociales a trav\u00e9s de la campa\u00f1a &quot;\u00bfA qu\u00e9 sabe La Palma?&quot; - Saborea La Palma\" \/>\n<meta property=\"og:description\" content=\"La consejera de Promoci\u00f3n Econ\u00f3mica, Raquel D\u00edaz, se muestra agradecida por la respuesta de residentes y turistas en esta acci\u00f3n que se desarrolla en el marco de Saborea La Palma. &nbsp; La campa\u00f1a \u2018\u00bfA qu\u00e9 sabe La Palma?\u2019, puesta en marcha por la empresa p\u00fablica Sodepal a trav\u00e9s del proyecto...\" \/>\n<meta property=\"og:url\" content=\"https:\/\/saborealapalma.es\/it\/blog\/2021\/04\/13\/sodepal-llega-a-cerca-de-100-000-personas-en-las-redes-sociales-a-traves-de-la-campana-a-que-sabe-la-palma\/\" \/>\n<meta property=\"og:site_name\" content=\"Saborea La Palma\" \/>\n<meta property=\"article:published_time\" content=\"2021-04-13T12:04:56+00:00\" \/>\n<meta property=\"og:image\" content=\"https:\/\/saborealapalma.es\/wp-content\/uploads\/2021\/04\/WhatsApp-Image-2021-03-29-at-09.29.05.jpeg\" \/>\n\t<meta property=\"og:image:width\" content=\"566\" \/>\n\t<meta property=\"og:image:height\" content=\"251\" \/>\n\t<meta property=\"og:image:type\" content=\"image\/jpeg\" \/>\n<meta name=\"author\" content=\"Saborea La Palma\" \/>\n<meta name=\"twitter:card\" content=\"summary_large_image\" \/>\n<meta name=\"twitter:label1\" content=\"Scritto da\" \/>\n\t<meta name=\"twitter:data1\" content=\"Saborea La Palma\" \/>\n\t<meta name=\"twitter:label2\" content=\"Tempo di lettura stimato\" \/>\n\t<meta name=\"twitter:data2\" content=\"2 minuti\" \/>\n<script type=\"application\/ld+json\" class=\"yoast-schema-graph\">{\"@context\":\"https:\\\/\\\/schema.org\",\"@graph\":[{\"@type\":\"Article\",\"@id\":\"https:\\\/\\\/saborealapalma.es\\\/blog\\\/2021\\\/04\\\/13\\\/sodepal-llega-a-cerca-de-100-000-personas-en-las-redes-sociales-a-traves-de-la-campana-a-que-sabe-la-palma\\\/#article\",\"isPartOf\":{\"@id\":\"https:\\\/\\\/saborealapalma.es\\\/blog\\\/2021\\\/04\\\/13\\\/sodepal-llega-a-cerca-de-100-000-personas-en-las-redes-sociales-a-traves-de-la-campana-a-que-sabe-la-palma\\\/\"},\"author\":{\"name\":\"Saborea La Palma\",\"@id\":\"https:\\\/\\\/saborealapalma.es\\\/#\\\/schema\\\/person\\\/0bd9792bd7edf77cf4ecb8dfacf1b7d8\"},\"headline\":\"Sodepal llega a cerca de 100.000 personas en las redes sociales a trav\u00e9s de la campa\u00f1a \u00ab\u00bfA qu\u00e9 sabe La Palma?\u00bb\",\"datePublished\":\"2021-04-13T12:04:56+00:00\",\"mainEntityOfPage\":{\"@id\":\"https:\\\/\\\/saborealapalma.es\\\/blog\\\/2021\\\/04\\\/13\\\/sodepal-llega-a-cerca-de-100-000-personas-en-las-redes-sociales-a-traves-de-la-campana-a-que-sabe-la-palma\\\/\"},\"wordCount\":406,\"image\":{\"@id\":\"https:\\\/\\\/saborealapalma.es\\\/blog\\\/2021\\\/04\\\/13\\\/sodepal-llega-a-cerca-de-100-000-personas-en-las-redes-sociales-a-traves-de-la-campana-a-que-sabe-la-palma\\\/#primaryimage\"},\"thumbnailUrl\":\"https:\\\/\\\/saborealapalma.es\\\/wp-content\\\/uploads\\\/2021\\\/04\\\/WhatsApp-Image-2021-03-29-at-09.29.05.jpeg\",\"articleSection\":[\"Blog Saborea\",\"Noticias Saborea\"],\"inLanguage\":\"it-IT\"},{\"@type\":\"WebPage\",\"@id\":\"https:\\\/\\\/saborealapalma.es\\\/blog\\\/2021\\\/04\\\/13\\\/sodepal-llega-a-cerca-de-100-000-personas-en-las-redes-sociales-a-traves-de-la-campana-a-que-sabe-la-palma\\\/\",\"url\":\"https:\\\/\\\/saborealapalma.es\\\/blog\\\/2021\\\/04\\\/13\\\/sodepal-llega-a-cerca-de-100-000-personas-en-las-redes-sociales-a-traves-de-la-campana-a-que-sabe-la-palma\\\/\",\"name\":\"Sodepal llega a cerca de 100.000 personas en las redes sociales a trav\u00e9s de la campa\u00f1a \\\"\u00bfA qu\u00e9 sabe La Palma?\\\" - Saborea La Palma\",\"isPartOf\":{\"@id\":\"https:\\\/\\\/saborealapalma.es\\\/#website\"},\"primaryImageOfPage\":{\"@id\":\"https:\\\/\\\/saborealapalma.es\\\/blog\\\/2021\\\/04\\\/13\\\/sodepal-llega-a-cerca-de-100-000-personas-en-las-redes-sociales-a-traves-de-la-campana-a-que-sabe-la-palma\\\/#primaryimage\"},\"image\":{\"@id\":\"https:\\\/\\\/saborealapalma.es\\\/blog\\\/2021\\\/04\\\/13\\\/sodepal-llega-a-cerca-de-100-000-personas-en-las-redes-sociales-a-traves-de-la-campana-a-que-sabe-la-palma\\\/#primaryimage\"},\"thumbnailUrl\":\"https:\\\/\\\/saborealapalma.es\\\/wp-content\\\/uploads\\\/2021\\\/04\\\/WhatsApp-Image-2021-03-29-at-09.29.05.jpeg\",\"datePublished\":\"2021-04-13T12:04:56+00:00\",\"author\":{\"@id\":\"https:\\\/\\\/saborealapalma.es\\\/#\\\/schema\\\/person\\\/0bd9792bd7edf77cf4ecb8dfacf1b7d8\"},\"breadcrumb\":{\"@id\":\"https:\\\/\\\/saborealapalma.es\\\/blog\\\/2021\\\/04\\\/13\\\/sodepal-llega-a-cerca-de-100-000-personas-en-las-redes-sociales-a-traves-de-la-campana-a-que-sabe-la-palma\\\/#breadcrumb\"},\"inLanguage\":\"it-IT\",\"potentialAction\":[{\"@type\":\"ReadAction\",\"target\":[\"https:\\\/\\\/saborealapalma.es\\\/blog\\\/2021\\\/04\\\/13\\\/sodepal-llega-a-cerca-de-100-000-personas-en-las-redes-sociales-a-traves-de-la-campana-a-que-sabe-la-palma\\\/\"]}]},{\"@type\":\"ImageObject\",\"inLanguage\":\"it-IT\",\"@id\":\"https:\\\/\\\/saborealapalma.es\\\/blog\\\/2021\\\/04\\\/13\\\/sodepal-llega-a-cerca-de-100-000-personas-en-las-redes-sociales-a-traves-de-la-campana-a-que-sabe-la-palma\\\/#primaryimage\",\"url\":\"https:\\\/\\\/saborealapalma.es\\\/wp-content\\\/uploads\\\/2021\\\/04\\\/WhatsApp-Image-2021-03-29-at-09.29.05.jpeg\",\"contentUrl\":\"https:\\\/\\\/saborealapalma.es\\\/wp-content\\\/uploads\\\/2021\\\/04\\\/WhatsApp-Image-2021-03-29-at-09.29.05.jpeg\",\"width\":566,\"height\":251},{\"@type\":\"BreadcrumbList\",\"@id\":\"https:\\\/\\\/saborealapalma.es\\\/blog\\\/2021\\\/04\\\/13\\\/sodepal-llega-a-cerca-de-100-000-personas-en-las-redes-sociales-a-traves-de-la-campana-a-que-sabe-la-palma\\\/#breadcrumb\",\"itemListElement\":[{\"@type\":\"ListItem\",\"position\":1,\"name\":\"Portada\",\"item\":\"https:\\\/\\\/saborealapalma.es\\\/\"},{\"@type\":\"ListItem\",\"position\":2,\"name\":\"Sodepal llega a cerca de 100.000 personas en las redes sociales a trav\u00e9s de la campa\u00f1a \u00ab\u00bfA qu\u00e9 sabe La Palma?\u00bb\"}]},{\"@type\":\"WebSite\",\"@id\":\"https:\\\/\\\/saborealapalma.es\\\/#website\",\"url\":\"https:\\\/\\\/saborealapalma.es\\\/\",\"name\":\"Saborea La Palma\",\"description\":\"Saborea La Palma es el proyecto que lidera la Sociedad de Promoci\u00f3n Econ\u00f3mica de La Palma (SODEPAL S.A.U.M.P), empresa p\u00fablica dependiente de Cabildo Insular de La Palma, para la revalorizaci\u00f3n y el posicionamiento de la gastronom\u00eda palmera en los mercados regionales, nacionales e internacionales.\",\"potentialAction\":[{\"@type\":\"SearchAction\",\"target\":{\"@type\":\"EntryPoint\",\"urlTemplate\":\"https:\\\/\\\/saborealapalma.es\\\/?s={search_term_string}\"},\"query-input\":{\"@type\":\"PropertyValueSpecification\",\"valueRequired\":true,\"valueName\":\"search_term_string\"}}],\"inLanguage\":\"it-IT\"},{\"@type\":\"Person\",\"@id\":\"https:\\\/\\\/saborealapalma.es\\\/#\\\/schema\\\/person\\\/0bd9792bd7edf77cf4ecb8dfacf1b7d8\",\"name\":\"Saborea La Palma\",\"sameAs\":[\"http:\\\/\\\/saborealapalma.es\\\/\"],\"url\":\"https:\\\/\\\/saborealapalma.es\\\/it\\\/blog\\\/author\\\/saborea-la-palma\\\/\"}]}<\/script>\n<!-- \/ Yoast SEO plugin. -->","yoast_head_json":{"title":"Sodepal llega a cerca de 100.000 personas en las redes sociales a trav\u00e9s de la campa\u00f1a \"\u00bfA qu\u00e9 sabe La Palma?\" - Saborea La Palma","robots":{"index":"index","follow":"follow","max-snippet":"max-snippet:-1","max-image-preview":"max-image-preview:large","max-video-preview":"max-video-preview:-1"},"canonical":"https:\/\/saborealapalma.es\/it\/blog\/2021\/04\/13\/sodepal-llega-a-cerca-de-100-000-personas-en-las-redes-sociales-a-traves-de-la-campana-a-que-sabe-la-palma\/","og_locale":"it_IT","og_type":"article","og_title":"Sodepal llega a cerca de 100.000 personas en las redes sociales a trav\u00e9s de la campa\u00f1a \"\u00bfA qu\u00e9 sabe La Palma?\" - Saborea La Palma","og_description":"La consejera de Promoci\u00f3n Econ\u00f3mica, Raquel D\u00edaz, se muestra agradecida por la respuesta de residentes y turistas en esta acci\u00f3n que se desarrolla en el marco de Saborea La Palma. &nbsp; La campa\u00f1a \u2018\u00bfA qu\u00e9 sabe La Palma?\u2019, puesta en marcha por la empresa p\u00fablica Sodepal a trav\u00e9s del proyecto...","og_url":"https:\/\/saborealapalma.es\/it\/blog\/2021\/04\/13\/sodepal-llega-a-cerca-de-100-000-personas-en-las-redes-sociales-a-traves-de-la-campana-a-que-sabe-la-palma\/","og_site_name":"Saborea La Palma","article_published_time":"2021-04-13T12:04:56+00:00","og_image":[{"width":566,"height":251,"url":"https:\/\/saborealapalma.es\/wp-content\/uploads\/2021\/04\/WhatsApp-Image-2021-03-29-at-09.29.05.jpeg","type":"image\/jpeg"}],"author":"Saborea La Palma","twitter_card":"summary_large_image","twitter_misc":{"Scritto da":"Saborea La Palma","Tempo di lettura stimato":"2 minuti"},"schema":{"@context":"https:\/\/schema.org","@graph":[{"@type":"Article","@id":"https:\/\/saborealapalma.es\/blog\/2021\/04\/13\/sodepal-llega-a-cerca-de-100-000-personas-en-las-redes-sociales-a-traves-de-la-campana-a-que-sabe-la-palma\/#article","isPartOf":{"@id":"https:\/\/saborealapalma.es\/blog\/2021\/04\/13\/sodepal-llega-a-cerca-de-100-000-personas-en-las-redes-sociales-a-traves-de-la-campana-a-que-sabe-la-palma\/"},"author":{"name":"Saborea La Palma","@id":"https:\/\/saborealapalma.es\/#\/schema\/person\/0bd9792bd7edf77cf4ecb8dfacf1b7d8"},"headline":"Sodepal llega a cerca de 100.000 personas en las redes sociales a trav\u00e9s de la campa\u00f1a \u00ab\u00bfA qu\u00e9 sabe La Palma?\u00bb","datePublished":"2021-04-13T12:04:56+00:00","mainEntityOfPage":{"@id":"https:\/\/saborealapalma.es\/blog\/2021\/04\/13\/sodepal-llega-a-cerca-de-100-000-personas-en-las-redes-sociales-a-traves-de-la-campana-a-que-sabe-la-palma\/"},"wordCount":406,"image":{"@id":"https:\/\/saborealapalma.es\/blog\/2021\/04\/13\/sodepal-llega-a-cerca-de-100-000-personas-en-las-redes-sociales-a-traves-de-la-campana-a-que-sabe-la-palma\/#primaryimage"},"thumbnailUrl":"https:\/\/saborealapalma.es\/wp-content\/uploads\/2021\/04\/WhatsApp-Image-2021-03-29-at-09.29.05.jpeg","articleSection":["Blog Saborea","Noticias Saborea"],"inLanguage":"it-IT"},{"@type":"WebPage","@id":"https:\/\/saborealapalma.es\/blog\/2021\/04\/13\/sodepal-llega-a-cerca-de-100-000-personas-en-las-redes-sociales-a-traves-de-la-campana-a-que-sabe-la-palma\/","url":"https:\/\/saborealapalma.es\/blog\/2021\/04\/13\/sodepal-llega-a-cerca-de-100-000-personas-en-las-redes-sociales-a-traves-de-la-campana-a-que-sabe-la-palma\/","name":"Sodepal llega a cerca de 100.000 personas en las redes sociales a trav\u00e9s de la campa\u00f1a \"\u00bfA qu\u00e9 sabe La Palma?\" - Saborea La Palma","isPartOf":{"@id":"https:\/\/saborealapalma.es\/#website"},"primaryImageOfPage":{"@id":"https:\/\/saborealapalma.es\/blog\/2021\/04\/13\/sodepal-llega-a-cerca-de-100-000-personas-en-las-redes-sociales-a-traves-de-la-campana-a-que-sabe-la-palma\/#primaryimage"},"image":{"@id":"https:\/\/saborealapalma.es\/blog\/2021\/04\/13\/sodepal-llega-a-cerca-de-100-000-personas-en-las-redes-sociales-a-traves-de-la-campana-a-que-sabe-la-palma\/#primaryimage"},"thumbnailUrl":"https:\/\/saborealapalma.es\/wp-content\/uploads\/2021\/04\/WhatsApp-Image-2021-03-29-at-09.29.05.jpeg","datePublished":"2021-04-13T12:04:56+00:00","author":{"@id":"https:\/\/saborealapalma.es\/#\/schema\/person\/0bd9792bd7edf77cf4ecb8dfacf1b7d8"},"breadcrumb":{"@id":"https:\/\/saborealapalma.es\/blog\/2021\/04\/13\/sodepal-llega-a-cerca-de-100-000-personas-en-las-redes-sociales-a-traves-de-la-campana-a-que-sabe-la-palma\/#breadcrumb"},"inLanguage":"it-IT","potentialAction":[{"@type":"ReadAction","target":["https:\/\/saborealapalma.es\/blog\/2021\/04\/13\/sodepal-llega-a-cerca-de-100-000-personas-en-las-redes-sociales-a-traves-de-la-campana-a-que-sabe-la-palma\/"]}]},{"@type":"ImageObject","inLanguage":"it-IT","@id":"https:\/\/saborealapalma.es\/blog\/2021\/04\/13\/sodepal-llega-a-cerca-de-100-000-personas-en-las-redes-sociales-a-traves-de-la-campana-a-que-sabe-la-palma\/#primaryimage","url":"https:\/\/saborealapalma.es\/wp-content\/uploads\/2021\/04\/WhatsApp-Image-2021-03-29-at-09.29.05.jpeg","contentUrl":"https:\/\/saborealapalma.es\/wp-content\/uploads\/2021\/04\/WhatsApp-Image-2021-03-29-at-09.29.05.jpeg","width":566,"height":251},{"@type":"BreadcrumbList","@id":"https:\/\/saborealapalma.es\/blog\/2021\/04\/13\/sodepal-llega-a-cerca-de-100-000-personas-en-las-redes-sociales-a-traves-de-la-campana-a-que-sabe-la-palma\/#breadcrumb","itemListElement":[{"@type":"ListItem","position":1,"name":"Portada","item":"https:\/\/saborealapalma.es\/"},{"@type":"ListItem","position":2,"name":"Sodepal llega a cerca de 100.000 personas en las redes sociales a trav\u00e9s de la campa\u00f1a \u00ab\u00bfA qu\u00e9 sabe La Palma?\u00bb"}]},{"@type":"WebSite","@id":"https:\/\/saborealapalma.es\/#website","url":"https:\/\/saborealapalma.es\/","name":"Assaggia La Palma","description":"Saborea La Palma \u00e8 il progetto guidato dalla Sociedad de Promoci\u00f3n Econ\u00f3mica de La Palma (SODEPAL S.A.U.M.P), una societ\u00e0 pubblica dipendente dal Cabildo Insular de La Palma, per la rivalutazione e il posizionamento della gastronomia di La Palma nei mercati regionali, nazionali e internazionali.","potentialAction":[{"@type":"SearchAction","target":{"@type":"EntryPoint","urlTemplate":"https:\/\/saborealapalma.es\/?s={search_term_string}"},"query-input":{"@type":"PropertyValueSpecification","valueRequired":true,"valueName":"search_term_string"}}],"inLanguage":"it-IT"},{"@type":"Person","@id":"https:\/\/saborealapalma.es\/#\/schema\/person\/0bd9792bd7edf77cf4ecb8dfacf1b7d8","name":"Assaggia La Palma","sameAs":["http:\/\/saborealapalma.es\/"],"url":"https:\/\/saborealapalma.es\/it\/blog\/author\/saborea-la-palma\/"}]}},"_links":{"self":[{"href":"https:\/\/saborealapalma.es\/it\/wp-json\/wp\/v2\/posts\/835","targetHints":{"allow":["GET"]}}],"collection":[{"href":"https:\/\/saborealapalma.es\/it\/wp-json\/wp\/v2\/posts"}],"about":[{"href":"https:\/\/saborealapalma.es\/it\/wp-json\/wp\/v2\/types\/post"}],"author":[{"embeddable":true,"href":"https:\/\/saborealapalma.es\/it\/wp-json\/wp\/v2\/users\/5"}],"replies":[{"embeddable":true,"href":"https:\/\/saborealapalma.es\/it\/wp-json\/wp\/v2\/comments?post=835"}],"version-history":[{"count":0,"href":"https:\/\/saborealapalma.es\/it\/wp-json\/wp\/v2\/posts\/835\/revisions"}],"wp:featuredmedia":[{"embeddable":true,"href":"https:\/\/saborealapalma.es\/it\/wp-json\/wp\/v2\/media\/836"}],"wp:attachment":[{"href":"https:\/\/saborealapalma.es\/it\/wp-json\/wp\/v2\/media?parent=835"}],"wp:term":[{"taxonomy":"category","embeddable":true,"href":"https:\/\/saborealapalma.es\/it\/wp-json\/wp\/v2\/categories?post=835"},{"taxonomy":"post_tag","embeddable":true,"href":"https:\/\/saborealapalma.es\/it\/wp-json\/wp\/v2\/tags?post=835"}],"curies":[{"name":"wp","href":"https:\/\/api.w.org\/{rel}","templated":true}]}}