{"id":8470,"date":"2025-01-27T11:42:32","date_gmt":"2025-01-27T11:42:32","guid":{"rendered":"https:\/\/saborealapalma.es\/?p=8470"},"modified":"2025-01-27T11:47:21","modified_gmt":"2025-01-27T11:47:21","slug":"la-palma-se-diferencia-como-destino-gastronomico-en-madrid-fusion-2025","status":"publish","type":"post","link":"https:\/\/saborealapalma.es\/it\/blog\/2025\/01\/27\/la-palma-se-diferencia-como-destino-gastronomico-en-madrid-fusion-2025\/","title":{"rendered":"La Palma si distingue come destinazione gastronomica a Madrid Fusi\u00f3n 2025."},"content":{"rendered":"<div data-elementor-type=\"wp-page\" data-elementor-id=\"8470\" class=\"elementor elementor-8470\" data-elementor-post-type=\"post\">\n\t\t\t\t\t\t<section data-particle_enable=\"false\" data-particle-mobile-disabled=\"false\" class=\"elementor-section elementor-top-section elementor-element elementor-element-6b8a763 elementor-section-boxed elementor-section-height-default elementor-section-height-default parallax_section_no qode_elementor_container_no\" data-id=\"6b8a763\" data-element_type=\"section\" data-e-type=\"section\">\n\t\t\t\t\t\t<div class=\"elementor-container elementor-column-gap-default\">\n\t\t\t\t\t<div class=\"elementor-column elementor-col-100 elementor-top-column elementor-element elementor-element-0ef133e\" data-id=\"0ef133e\" data-element_type=\"column\" data-e-type=\"column\">\n\t\t\t<div class=\"elementor-widget-wrap elementor-element-populated\">\n\t\t\t\t\t\t<div class=\"elementor-element elementor-element-e17bf48 elementor-widget elementor-widget-text-editor\" data-id=\"e17bf48\" data-element_type=\"widget\" data-e-type=\"widget\" data-widget_type=\"text-editor.default\">\n\t\t\t\t<div class=\"elementor-widget-container\">\n\t\t\t\t\t\t\t\t\t<div class=\"field field--name-field-noticias-entradilla field--type-text-long field--label-hidden field--item\"><div class=\"field field--name-field-noticias-entradilla field--type-text-long field--label-hidden field--item\"><div class=\"field field--name-field-noticias-entradilla field--type-text-long field--label-hidden field--item\"><div class=\"field field--name-field-noticias-entradilla field--type-text-long field--label-hidden field--item\"><div class=\"field field--name-field-noticias-entradilla field--type-text-long field--label-hidden field--item\"><div class=\"field field--name-field-noticias-entradilla field--type-text-long field--label-hidden field--item\"><div class=\"field field--name-field-noticias-entradilla field--type-text-long field--label-hidden field--item\"><div class=\"field field--name-field-noticias-entradilla field--type-text-long field--label-hidden field--item\"><div class=\"field field--name-field-noticias-entradilla field--type-text-long field--label-hidden field--item\"><div class=\"field field--name-field-noticias-entradilla field--type-text-long field--label-hidden field--item\"><h4>L'Assessore alla Promozione Economica del Cabildo de La Palma e Direttore Generale di Sodepal, Miriam Perestelo, sottolinea l'importanza di partecipare a questo tipo di eventi specializzati per continuare a far conoscere l'isola come una delle destinazioni riconosciute per la qualit\u00e0 dei suoi prodotti e il talento dei suoi professionisti.<\/h4><\/div><div class=\"field field--name-body field--type-text-with-summary field--label-hidden field--item\"><p>La Palma si posiziona come destinazione gastronomica a Madrid Fusi\u00f3n 2025, che si terr\u00e0 dal 27 al 29 gennaio presso Ifema. L'isola porter\u00e0 il meglio dei suoi prodotti e il talento dei suoi professionisti a questa rinomata fiera internazionale, sotto l'egida del progetto Saborea La Palma, promosso dalla societ\u00e0 pubblica Sodepal.\u00a0\u00a0<\/p><p>L'Assessore alla Promozione Economica del Cabildo de La Palma e Direttore Generale di Sodepal, Miriam Perestelo, sottolinea la vetrina che questo evento internazionale rappresenta per continuare a scommettere sulla differenziazione della destinazione attraverso la sua gastronomia, \"un settore che ha acquisito sempre pi\u00f9 rilevanza, posizionandosi come una delle principali attrazioni turistiche dell'isola\", spiega.<\/p><p>Da parte sua, l'Assessore al Turismo, Raquel Rebollo, difende il fatto che l'isola di La Palma arriva a Madrid Fusi\u00f3n dopo un primo contatto con il settore turistico a Fitur, e ora si concentra su uno dei prodotti di punta dell'isola, come la gastronomia, cosa che rafforza La Palma tra una parte specifica di questa zona.\u00a0<\/p><p>Saborea La Palma avr\u00e0 un proprio stand nell'area Saborea Espa\u00f1a, dove per tre giorni presenter\u00e0 i suoi prodotti e i piatti tipici della cucina di La Palma.<\/p><p>Il Cabildo e l'azienda pubblica Sodepal continuano a sostenere e a rafforzare la presenza di La Palma come destinazione differenziata attraverso questo tipo di eventi pi\u00f9 specializzati che permettono di continuare a creare un marchio attraverso i diversi prodotti offerti dalla destinazione, come la gastronomia, l'astroturismo e il turismo sportivo, tra gli altri.\u00a0<\/p><h4>Programma di azioni a Madrid Fusi\u00f3n<\/h4><p>Nell'ambito della fiera, l'amministratore delegato di Sodepal, Miriam Perestelo, terr\u00e0 una serie di incontri con agenti del settore turistico e gastronomico che consentiranno di generare sinergie tra la destinazione e altri luoghi per condividere esperienze, nonch\u00e9 con aziende e rappresentanti di questo settore per posizionare l'isola.<\/p><p>D'altra parte, La Palma avr\u00e0 diverse presentazioni, dalla cucina con la capra Palmero e il manzo Palmero, ai laboratori e alle degustazioni di un'ampia variet\u00e0 di prodotti dell'isola, come il mojo, il sale, l'olio, il gofio, una selezione di dolci isolani, la frutta e le bevande come il caff\u00e8, il rum e la birra.<\/p><p>Luned\u00ec 27 gennaio, Jos\u00e9 Alberto D\u00edaz e Brenda Rodr\u00edguez presenteranno 'Destino La Palma', mostrando la qualit\u00e0 dei formaggi dell'isola a partire dalle 12.15. Nel pomeriggio, Emilio Rodr\u00edguez presenter\u00e0 un workshop sui cocktail nell'Aula de Copas alle 16.30.<\/p><p>Marted\u00ec 28 gennaio, Jes\u00fas \u00c1lvarez illustrer\u00e0 le caratteristiche dei vini Palmeros alle ore 12.30. Ci sar\u00e0 spazio anche per il Love Festival, un impegno per la libert\u00e0 e la diversit\u00e0, a cura di C\u00e9sar P\u00e9rez nell'area 'Showcooking', alle 17:00. Jos\u00e9 Alberto D\u00edaz terr\u00e0 un workshop sugli avocado di La Palma, a partire dalle 18:00. Per chiudere la giornata, Emilio Rodr\u00edguez presenter\u00e0 ancora una volta e realizzer\u00e0 dei cocktail.<\/p><p>Infine, mercoled\u00ec 29 gennaio, Jos\u00e9 Alberto D\u00edaz delizier\u00e0 i presenti con il cane di manzo palmero e il quesillo di latte di capra, mentre C\u00e9sar P\u00e9rez terr\u00e0 un workshop sul mojo palmero e sulle patate tradizionali.<\/p><p>Pu\u00f2 consultare il programma attraverso questo link:\u00a0<a href=\"https:\/\/saborealapalma.es\/it\/ferias-en-las-que-hemos-estado\/madrid-fusion-2025\/\" target=\"_blank\" rel=\"noopener\">https:\/\/saborealapalma.es\/ferias-en-las-que-hemos-estado\/madrid-fusion-2025<\/a><\/p><\/div><\/div><\/div><\/div><\/div><\/div><\/div><\/div><\/div><\/div>\t\t\t\t\t\t\t\t<\/div>\n\t\t\t\t<\/div>\n\t\t\t\t\t<\/div>\n\t\t<\/div>\n\t\t\t\t\t<\/div>\n\t\t<\/section>\n\t\t\t\t<\/div>","protected":false},"excerpt":{"rendered":"<p>L'Assessore alla Promozione Economica del Cabildo de La Palma e CEO di Sodepal, Miriam Perestelo, sottolinea l'importanza di partecipare a questo tipo di eventi specializzati per continuare a far conoscere l'isola come una delle destinazioni riconosciute per la qualit\u00e0 dei suoi prodotti e servizi....<\/p>","protected":false},"author":4,"featured_media":8472,"comment_status":"closed","ping_status":"closed","sticky":false,"template":"","format":"standard","meta":{"footnotes":""},"categories":[1,21],"tags":[],"class_list":["post-8470","post","type-post","status-publish","format-standard","has-post-thumbnail","hentry","category-blogsaborea","category-noticias-saborea"],"yoast_head":"<!-- This site is optimized with the Yoast SEO plugin v27.5 - https:\/\/yoast.com\/product\/yoast-seo-wordpress\/ -->\n<title>La Palma se diferencia como destino gastron\u00f3mico en Madrid Fusi\u00f3n 2025 - Saborea La Palma<\/title>\n<meta name=\"robots\" content=\"index, follow, max-snippet:-1, max-image-preview:large, max-video-preview:-1\" \/>\n<link rel=\"canonical\" href=\"https:\/\/saborealapalma.es\/it\/blog\/2025\/01\/27\/la-palma-se-diferencia-como-destino-gastronomico-en-madrid-fusion-2025\/\" \/>\n<meta property=\"og:locale\" content=\"it_IT\" \/>\n<meta property=\"og:type\" content=\"article\" \/>\n<meta property=\"og:title\" content=\"La Palma se diferencia como destino gastron\u00f3mico en Madrid Fusi\u00f3n 2025 - Saborea La Palma\" \/>\n<meta property=\"og:description\" content=\"La consejera de Promoci\u00f3n Econ\u00f3mica del Cabildo de La Palma y consejera delegada de Sodepal, Miriam Perestelo, incide en la importancia de asistir a este tipo de eventos especializados para continuar dando a conocer a la Isla como uno de los destinos reconocidos por la calidad de sus productos y...\" \/>\n<meta property=\"og:url\" content=\"https:\/\/saborealapalma.es\/it\/blog\/2025\/01\/27\/la-palma-se-diferencia-como-destino-gastronomico-en-madrid-fusion-2025\/\" \/>\n<meta property=\"og:site_name\" content=\"Saborea La Palma\" \/>\n<meta property=\"article:published_time\" content=\"2025-01-27T11:42:32+00:00\" \/>\n<meta property=\"article:modified_time\" content=\"2025-01-27T11:47:21+00:00\" \/>\n<meta property=\"og:image\" content=\"https:\/\/saborealapalma.es\/wp-content\/uploads\/2025\/01\/Madrid_fusion_Saboresa_LaPalma.jpg\" \/>\n\t<meta property=\"og:image:width\" content=\"1600\" \/>\n\t<meta property=\"og:image:height\" content=\"1600\" \/>\n\t<meta property=\"og:image:type\" content=\"image\/jpeg\" \/>\n<meta name=\"author\" content=\"Saborea La Palma\" \/>\n<meta name=\"twitter:card\" content=\"summary_large_image\" \/>\n<meta name=\"twitter:label1\" content=\"Scritto da\" \/>\n\t<meta name=\"twitter:data1\" content=\"Saborea La Palma\" \/>\n\t<meta name=\"twitter:label2\" content=\"Tempo di lettura stimato\" \/>\n\t<meta name=\"twitter:data2\" content=\"3 minuti\" \/>\n<script type=\"application\/ld+json\" class=\"yoast-schema-graph\">{\"@context\":\"https:\\\/\\\/schema.org\",\"@graph\":[{\"@type\":\"Article\",\"@id\":\"https:\\\/\\\/saborealapalma.es\\\/blog\\\/2025\\\/01\\\/27\\\/la-palma-se-diferencia-como-destino-gastronomico-en-madrid-fusion-2025\\\/#article\",\"isPartOf\":{\"@id\":\"https:\\\/\\\/saborealapalma.es\\\/blog\\\/2025\\\/01\\\/27\\\/la-palma-se-diferencia-como-destino-gastronomico-en-madrid-fusion-2025\\\/\"},\"author\":{\"name\":\"Saborea La Palma\",\"@id\":\"https:\\\/\\\/saborealapalma.es\\\/#\\\/schema\\\/person\\\/5184c05828c0a459bbca73a6b4e6b4dc\"},\"headline\":\"La Palma se diferencia como destino gastron\u00f3mico en Madrid Fusi\u00f3n 2025\",\"datePublished\":\"2025-01-27T11:42:32+00:00\",\"dateModified\":\"2025-01-27T11:47:21+00:00\",\"mainEntityOfPage\":{\"@id\":\"https:\\\/\\\/saborealapalma.es\\\/blog\\\/2025\\\/01\\\/27\\\/la-palma-se-diferencia-como-destino-gastronomico-en-madrid-fusion-2025\\\/\"},\"wordCount\":701,\"image\":{\"@id\":\"https:\\\/\\\/saborealapalma.es\\\/blog\\\/2025\\\/01\\\/27\\\/la-palma-se-diferencia-como-destino-gastronomico-en-madrid-fusion-2025\\\/#primaryimage\"},\"thumbnailUrl\":\"https:\\\/\\\/saborealapalma.es\\\/wp-content\\\/uploads\\\/2025\\\/01\\\/Madrid_fusion_Saboresa_LaPalma.jpg\",\"articleSection\":[\"Blog Saborea\",\"Noticias Saborea\"],\"inLanguage\":\"it-IT\"},{\"@type\":\"WebPage\",\"@id\":\"https:\\\/\\\/saborealapalma.es\\\/blog\\\/2025\\\/01\\\/27\\\/la-palma-se-diferencia-como-destino-gastronomico-en-madrid-fusion-2025\\\/\",\"url\":\"https:\\\/\\\/saborealapalma.es\\\/blog\\\/2025\\\/01\\\/27\\\/la-palma-se-diferencia-como-destino-gastronomico-en-madrid-fusion-2025\\\/\",\"name\":\"La Palma se diferencia como destino gastron\u00f3mico en Madrid Fusi\u00f3n 2025 - Saborea La Palma\",\"isPartOf\":{\"@id\":\"https:\\\/\\\/saborealapalma.es\\\/#website\"},\"primaryImageOfPage\":{\"@id\":\"https:\\\/\\\/saborealapalma.es\\\/blog\\\/2025\\\/01\\\/27\\\/la-palma-se-diferencia-como-destino-gastronomico-en-madrid-fusion-2025\\\/#primaryimage\"},\"image\":{\"@id\":\"https:\\\/\\\/saborealapalma.es\\\/blog\\\/2025\\\/01\\\/27\\\/la-palma-se-diferencia-como-destino-gastronomico-en-madrid-fusion-2025\\\/#primaryimage\"},\"thumbnailUrl\":\"https:\\\/\\\/saborealapalma.es\\\/wp-content\\\/uploads\\\/2025\\\/01\\\/Madrid_fusion_Saboresa_LaPalma.jpg\",\"datePublished\":\"2025-01-27T11:42:32+00:00\",\"dateModified\":\"2025-01-27T11:47:21+00:00\",\"author\":{\"@id\":\"https:\\\/\\\/saborealapalma.es\\\/#\\\/schema\\\/person\\\/5184c05828c0a459bbca73a6b4e6b4dc\"},\"breadcrumb\":{\"@id\":\"https:\\\/\\\/saborealapalma.es\\\/blog\\\/2025\\\/01\\\/27\\\/la-palma-se-diferencia-como-destino-gastronomico-en-madrid-fusion-2025\\\/#breadcrumb\"},\"inLanguage\":\"it-IT\",\"potentialAction\":[{\"@type\":\"ReadAction\",\"target\":[\"https:\\\/\\\/saborealapalma.es\\\/blog\\\/2025\\\/01\\\/27\\\/la-palma-se-diferencia-como-destino-gastronomico-en-madrid-fusion-2025\\\/\"]}]},{\"@type\":\"ImageObject\",\"inLanguage\":\"it-IT\",\"@id\":\"https:\\\/\\\/saborealapalma.es\\\/blog\\\/2025\\\/01\\\/27\\\/la-palma-se-diferencia-como-destino-gastronomico-en-madrid-fusion-2025\\\/#primaryimage\",\"url\":\"https:\\\/\\\/saborealapalma.es\\\/wp-content\\\/uploads\\\/2025\\\/01\\\/Madrid_fusion_Saboresa_LaPalma.jpg\",\"contentUrl\":\"https:\\\/\\\/saborealapalma.es\\\/wp-content\\\/uploads\\\/2025\\\/01\\\/Madrid_fusion_Saboresa_LaPalma.jpg\",\"width\":1600,\"height\":1600},{\"@type\":\"BreadcrumbList\",\"@id\":\"https:\\\/\\\/saborealapalma.es\\\/blog\\\/2025\\\/01\\\/27\\\/la-palma-se-diferencia-como-destino-gastronomico-en-madrid-fusion-2025\\\/#breadcrumb\",\"itemListElement\":[{\"@type\":\"ListItem\",\"position\":1,\"name\":\"Portada\",\"item\":\"https:\\\/\\\/saborealapalma.es\\\/\"},{\"@type\":\"ListItem\",\"position\":2,\"name\":\"La Palma se diferencia como destino gastron\u00f3mico en Madrid Fusi\u00f3n 2025\"}]},{\"@type\":\"WebSite\",\"@id\":\"https:\\\/\\\/saborealapalma.es\\\/#website\",\"url\":\"https:\\\/\\\/saborealapalma.es\\\/\",\"name\":\"Saborea La Palma\",\"description\":\"Saborea La Palma es el proyecto que lidera la Sociedad de Promoci\u00f3n Econ\u00f3mica de La Palma (SODEPAL S.A.U.M.P), empresa p\u00fablica dependiente de Cabildo Insular de La Palma, para la revalorizaci\u00f3n y el posicionamiento de la gastronom\u00eda palmera en los mercados regionales, nacionales e internacionales.\",\"potentialAction\":[{\"@type\":\"SearchAction\",\"target\":{\"@type\":\"EntryPoint\",\"urlTemplate\":\"https:\\\/\\\/saborealapalma.es\\\/?s={search_term_string}\"},\"query-input\":{\"@type\":\"PropertyValueSpecification\",\"valueRequired\":true,\"valueName\":\"search_term_string\"}}],\"inLanguage\":\"it-IT\"},{\"@type\":\"Person\",\"@id\":\"https:\\\/\\\/saborealapalma.es\\\/#\\\/schema\\\/person\\\/5184c05828c0a459bbca73a6b4e6b4dc\",\"name\":\"Saborea La Palma\",\"url\":\"https:\\\/\\\/saborealapalma.es\\\/it\\\/blog\\\/author\\\/ivcabeza\\\/\"}]}<\/script>\n<!-- \/ Yoast SEO plugin. -->","yoast_head_json":{"title":"La Palma se diferencia como destino gastron\u00f3mico en Madrid Fusi\u00f3n 2025 - Saborea La Palma","robots":{"index":"index","follow":"follow","max-snippet":"max-snippet:-1","max-image-preview":"max-image-preview:large","max-video-preview":"max-video-preview:-1"},"canonical":"https:\/\/saborealapalma.es\/it\/blog\/2025\/01\/27\/la-palma-se-diferencia-como-destino-gastronomico-en-madrid-fusion-2025\/","og_locale":"it_IT","og_type":"article","og_title":"La Palma se diferencia como destino gastron\u00f3mico en Madrid Fusi\u00f3n 2025 - Saborea La Palma","og_description":"La consejera de Promoci\u00f3n Econ\u00f3mica del Cabildo de La Palma y consejera delegada de Sodepal, Miriam Perestelo, incide en la importancia de asistir a este tipo de eventos especializados para continuar dando a conocer a la Isla como uno de los destinos reconocidos por la calidad de sus productos y...","og_url":"https:\/\/saborealapalma.es\/it\/blog\/2025\/01\/27\/la-palma-se-diferencia-como-destino-gastronomico-en-madrid-fusion-2025\/","og_site_name":"Saborea La Palma","article_published_time":"2025-01-27T11:42:32+00:00","article_modified_time":"2025-01-27T11:47:21+00:00","og_image":[{"width":1600,"height":1600,"url":"https:\/\/saborealapalma.es\/wp-content\/uploads\/2025\/01\/Madrid_fusion_Saboresa_LaPalma.jpg","type":"image\/jpeg"}],"author":"Saborea La Palma","twitter_card":"summary_large_image","twitter_misc":{"Scritto da":"Saborea La Palma","Tempo di lettura stimato":"3 minuti"},"schema":{"@context":"https:\/\/schema.org","@graph":[{"@type":"Article","@id":"https:\/\/saborealapalma.es\/blog\/2025\/01\/27\/la-palma-se-diferencia-como-destino-gastronomico-en-madrid-fusion-2025\/#article","isPartOf":{"@id":"https:\/\/saborealapalma.es\/blog\/2025\/01\/27\/la-palma-se-diferencia-como-destino-gastronomico-en-madrid-fusion-2025\/"},"author":{"name":"Saborea La Palma","@id":"https:\/\/saborealapalma.es\/#\/schema\/person\/5184c05828c0a459bbca73a6b4e6b4dc"},"headline":"La Palma se diferencia como destino gastron\u00f3mico en Madrid Fusi\u00f3n 2025","datePublished":"2025-01-27T11:42:32+00:00","dateModified":"2025-01-27T11:47:21+00:00","mainEntityOfPage":{"@id":"https:\/\/saborealapalma.es\/blog\/2025\/01\/27\/la-palma-se-diferencia-como-destino-gastronomico-en-madrid-fusion-2025\/"},"wordCount":701,"image":{"@id":"https:\/\/saborealapalma.es\/blog\/2025\/01\/27\/la-palma-se-diferencia-como-destino-gastronomico-en-madrid-fusion-2025\/#primaryimage"},"thumbnailUrl":"https:\/\/saborealapalma.es\/wp-content\/uploads\/2025\/01\/Madrid_fusion_Saboresa_LaPalma.jpg","articleSection":["Blog Saborea","Noticias Saborea"],"inLanguage":"it-IT"},{"@type":"WebPage","@id":"https:\/\/saborealapalma.es\/blog\/2025\/01\/27\/la-palma-se-diferencia-como-destino-gastronomico-en-madrid-fusion-2025\/","url":"https:\/\/saborealapalma.es\/blog\/2025\/01\/27\/la-palma-se-diferencia-como-destino-gastronomico-en-madrid-fusion-2025\/","name":"La Palma se diferencia como destino gastron\u00f3mico en Madrid Fusi\u00f3n 2025 - Saborea La Palma","isPartOf":{"@id":"https:\/\/saborealapalma.es\/#website"},"primaryImageOfPage":{"@id":"https:\/\/saborealapalma.es\/blog\/2025\/01\/27\/la-palma-se-diferencia-como-destino-gastronomico-en-madrid-fusion-2025\/#primaryimage"},"image":{"@id":"https:\/\/saborealapalma.es\/blog\/2025\/01\/27\/la-palma-se-diferencia-como-destino-gastronomico-en-madrid-fusion-2025\/#primaryimage"},"thumbnailUrl":"https:\/\/saborealapalma.es\/wp-content\/uploads\/2025\/01\/Madrid_fusion_Saboresa_LaPalma.jpg","datePublished":"2025-01-27T11:42:32+00:00","dateModified":"2025-01-27T11:47:21+00:00","author":{"@id":"https:\/\/saborealapalma.es\/#\/schema\/person\/5184c05828c0a459bbca73a6b4e6b4dc"},"breadcrumb":{"@id":"https:\/\/saborealapalma.es\/blog\/2025\/01\/27\/la-palma-se-diferencia-como-destino-gastronomico-en-madrid-fusion-2025\/#breadcrumb"},"inLanguage":"it-IT","potentialAction":[{"@type":"ReadAction","target":["https:\/\/saborealapalma.es\/blog\/2025\/01\/27\/la-palma-se-diferencia-como-destino-gastronomico-en-madrid-fusion-2025\/"]}]},{"@type":"ImageObject","inLanguage":"it-IT","@id":"https:\/\/saborealapalma.es\/blog\/2025\/01\/27\/la-palma-se-diferencia-como-destino-gastronomico-en-madrid-fusion-2025\/#primaryimage","url":"https:\/\/saborealapalma.es\/wp-content\/uploads\/2025\/01\/Madrid_fusion_Saboresa_LaPalma.jpg","contentUrl":"https:\/\/saborealapalma.es\/wp-content\/uploads\/2025\/01\/Madrid_fusion_Saboresa_LaPalma.jpg","width":1600,"height":1600},{"@type":"BreadcrumbList","@id":"https:\/\/saborealapalma.es\/blog\/2025\/01\/27\/la-palma-se-diferencia-como-destino-gastronomico-en-madrid-fusion-2025\/#breadcrumb","itemListElement":[{"@type":"ListItem","position":1,"name":"Portada","item":"https:\/\/saborealapalma.es\/"},{"@type":"ListItem","position":2,"name":"La Palma se diferencia como destino gastron\u00f3mico en Madrid Fusi\u00f3n 2025"}]},{"@type":"WebSite","@id":"https:\/\/saborealapalma.es\/#website","url":"https:\/\/saborealapalma.es\/","name":"Assaggia La Palma","description":"Saborea La Palma \u00e8 il progetto guidato dalla Sociedad de Promoci\u00f3n Econ\u00f3mica de La Palma (SODEPAL S.A.U.M.P), una societ\u00e0 pubblica dipendente dal Cabildo Insular de La Palma, per la rivalutazione e il posizionamento della gastronomia di La Palma nei mercati regionali, nazionali e internazionali.","potentialAction":[{"@type":"SearchAction","target":{"@type":"EntryPoint","urlTemplate":"https:\/\/saborealapalma.es\/?s={search_term_string}"},"query-input":{"@type":"PropertyValueSpecification","valueRequired":true,"valueName":"search_term_string"}}],"inLanguage":"it-IT"},{"@type":"Person","@id":"https:\/\/saborealapalma.es\/#\/schema\/person\/5184c05828c0a459bbca73a6b4e6b4dc","name":"Assaggia La Palma","url":"https:\/\/saborealapalma.es\/it\/blog\/author\/ivcabeza\/"}]}},"_links":{"self":[{"href":"https:\/\/saborealapalma.es\/it\/wp-json\/wp\/v2\/posts\/8470","targetHints":{"allow":["GET"]}}],"collection":[{"href":"https:\/\/saborealapalma.es\/it\/wp-json\/wp\/v2\/posts"}],"about":[{"href":"https:\/\/saborealapalma.es\/it\/wp-json\/wp\/v2\/types\/post"}],"author":[{"embeddable":true,"href":"https:\/\/saborealapalma.es\/it\/wp-json\/wp\/v2\/users\/4"}],"replies":[{"embeddable":true,"href":"https:\/\/saborealapalma.es\/it\/wp-json\/wp\/v2\/comments?post=8470"}],"version-history":[{"count":10,"href":"https:\/\/saborealapalma.es\/it\/wp-json\/wp\/v2\/posts\/8470\/revisions"}],"predecessor-version":[{"id":8482,"href":"https:\/\/saborealapalma.es\/it\/wp-json\/wp\/v2\/posts\/8470\/revisions\/8482"}],"wp:featuredmedia":[{"embeddable":true,"href":"https:\/\/saborealapalma.es\/it\/wp-json\/wp\/v2\/media\/8472"}],"wp:attachment":[{"href":"https:\/\/saborealapalma.es\/it\/wp-json\/wp\/v2\/media?parent=8470"}],"wp:term":[{"taxonomy":"category","embeddable":true,"href":"https:\/\/saborealapalma.es\/it\/wp-json\/wp\/v2\/categories?post=8470"},{"taxonomy":"post_tag","embeddable":true,"href":"https:\/\/saborealapalma.es\/it\/wp-json\/wp\/v2\/tags?post=8470"}],"curies":[{"name":"wp","href":"https:\/\/api.w.org\/{rel}","templated":true}]}}