{"id":8658,"date":"2025-03-10T20:07:14","date_gmt":"2025-03-10T20:07:14","guid":{"rendered":"https:\/\/saborealapalma.es\/?p=8658"},"modified":"2025-03-10T20:13:15","modified_gmt":"2025-03-10T20:13:15","slug":"la-palma-se-convertira-en-el-epicentro-de-la-gastronomia-nacional-con-el-encuentro-anual-de-saborea-espana","status":"publish","type":"post","link":"https:\/\/saborealapalma.es\/it\/blog\/2025\/03\/10\/la-palma-se-convertira-en-el-epicentro-de-la-gastronomia-nacional-con-el-encuentro-anual-de-saborea-espana\/","title":{"rendered":"La Palma diventer\u00e0 l'epicentro della gastronomia nazionale con l'incontro annuale di Saborea Espa\u00f1a."},"content":{"rendered":"<div data-elementor-type=\"wp-page\" data-elementor-id=\"8658\" class=\"elementor elementor-8658\" data-elementor-post-type=\"post\">\n\t\t\t\t\t\t<section data-particle_enable=\"false\" data-particle-mobile-disabled=\"false\" class=\"elementor-section elementor-top-section elementor-element elementor-element-6b8a763 elementor-section-boxed elementor-section-height-default elementor-section-height-default parallax_section_no qode_elementor_container_no\" data-id=\"6b8a763\" data-element_type=\"section\" data-e-type=\"section\">\n\t\t\t\t\t\t<div class=\"elementor-container elementor-column-gap-default\">\n\t\t\t\t\t<div class=\"elementor-column elementor-col-100 elementor-top-column elementor-element elementor-element-0ef133e\" data-id=\"0ef133e\" data-element_type=\"column\" data-e-type=\"column\">\n\t\t\t<div class=\"elementor-widget-wrap elementor-element-populated\">\n\t\t\t\t\t\t<div class=\"elementor-element elementor-element-e17bf48 elementor-widget elementor-widget-text-editor\" data-id=\"e17bf48\" data-element_type=\"widget\" data-e-type=\"widget\" data-widget_type=\"text-editor.default\">\n\t\t\t\t<div class=\"elementor-widget-container\">\n\t\t\t\t\t\t\t\t\t<div class=\"field field--name-field-noticias-entradilla field--type-text-long field--label-hidden field--item\"><h4>Miriam Perestelo sottolinea l'importanza di questo evento per il posizionamento dell'isola nel settore gastronomico a livello nazionale.<\/h4><\/div><div class=\"field field--name-body field--type-text-with-summary field--label-hidden field--item\"><p>La Palma ospiter\u00e0 l'Incontro Nazionale Enogastronomico 2025, un evento che posizioner\u00e0 l'isola all'interno del settore gastronomico, in quanto riunir\u00e0 le 26 destinazioni che compongono il marchio di qualit\u00e0 Saborea Espa\u00f1a, con la partecipazione di Hosteler\u00eda de Espa\u00f1a e Euro-Toques Espa\u00f1a. Non \u00e8 ancora stata fissata una data per l'evento.<\/p><p>Il presidente del Cabildo de La Palma, Sergio Rodr\u00edguez, sottolinea che la designazione dell'isola come sede dell'incontro annuale di Saborea Espa\u00f1a \"\u00e8 un'approvazione inequivocabile\" degli sforzi compiuti dal Cabildo de La Palma, attraverso la societ\u00e0 pubblica Sodepal, \"per collocare la gastronomia di La Palma sulla scena nazionale\".<\/p><p>Miriam Perestelo, consigliere isolano per la Promozione Economica del Cabildo de La Palma e CEO di Sodepal, sottolinea che \"questa \u00e8 una magnifica opportunit\u00e0 per mostrare il potenziale della gastronomia di La Palma, posizionandola come una risorsa turistica di grande valore che dobbiamo continuare a promuovere\". Il consigliere sottolinea che questa scelta \u00e8 dovuta principalmente \"al lavoro svolto dai nostri produttori e cuochi nelle diverse fiere a cui abbiamo partecipato negli ultimi anni, professionisti del settore che hanno svolto un ruolo di primo piano in queste attivit\u00e0 promozionali\".\u00a0<\/p><p>Da parte sua, il direttore di Saborea Espa\u00f1a, Llu\u00eds Pujol, riferisce che \"dopo aver valutato le diverse opzioni che sono state presentate quest'anno, Saborea Espa\u00f1a ha deciso di scegliere l'isola di La Palma\". Le ragioni di questa scelta sono diverse. In primo luogo, l'interesse di Saborea di poter coinvolgere tutte le destinazioni che fanno parte della RETE, senza limitarsi a una presenza in aree specifiche o pi\u00f9 comuni. Vogliamo essere coerenti con la grande ricchezza e diversit\u00e0 offerta dalla geografia e dalla gastronomia spagnola. La Palma \u00e8 una destinazione unica, diversa e da scoprire per molti amanti del turismo sostenibile e autentico\".<\/p><p>Pujol sottolinea che \"anche il lavoro svolto a La Palma negli ultimi anni \u00e8 stato un fattore determinante per questa scelta. Identificare e valorizzare le nostre risorse gastronomiche, sostenere il settore primario, migliorare la gestione del prodotto turistico gastronomico ed essere sempre pi\u00f9 coinvolti nelle attivit\u00e0 promozionali di Saborea Espa\u00f1a. Un lavoro che sta gi\u00e0 dando i suoi frutti e al quale molti professionisti sono sensibili\". E infine, \"l'alto livello di coinvolgimento che il Cabildo di La Palma ha dimostrato nell'organizzazione dell'evento. Coinvolgimento che si \u00e8 tradotto nel mettere a disposizione dell'organizzazione le risorse necessarie. Questo coinvolgimento \u00e8 necessario affinch\u00e9 un evento di queste caratteristiche sia un successo\".<\/p><p>Si tratta della prima opportunit\u00e0 per La Palma di ospitare un incontro dei principali attori del Paese legati al settore gastronomico con il sostegno del Segretario di Stato per il Turismo, con la possibilit\u00e0 di presentare e difendere i prodotti e la cucina dell'Isola, nonch\u00e9 di partecipare alle iniziative nel campo della gastronomia spagnola, con particolare attenzione ai progetti enogastronomici sviluppati con il sostegno dei fondi Next Generation.<\/p><p>Con la partecipazione di un centinaio di rappresentanti di Saborea Espa\u00f1a, associazioni imprenditoriali, organizzazioni culinarie europee e autorit\u00e0 turistiche regionali, tra gli altri gruppi, questo incontro analizzer\u00e0 il miglioramento del prodotto turistico gastronomico in diverse aree, con particolare attenzione al legame con il settore primario, al recupero del patrimonio gastronomico, all'immagine e al posizionamento e all'adattamento dei diversi mercati.<\/p><p>La conferenza comprender\u00e0 presentazioni tecniche sulle destinazioni enogastronomiche, workshop commerciali pratici e tavole rotonde. I partecipanti potranno anche conoscere la gastronomia di La Palma, sia la qualit\u00e0 che la storia dei prodotti, con visite agli allevamenti, e la cucina tradizionale e fusion che si mescolano sull'isola, con degustazioni.<\/p><p>La Segreteria di Stato per il Turismo considera questa conferenza come un evento preparatorio, nel campo del turismo gastronomico, per il Congresso del Turismo che si terr\u00e0 alla fine dell'anno.<\/p><\/div>\t\t\t\t\t\t\t\t<\/div>\n\t\t\t\t<\/div>\n\t\t\t\t\t<\/div>\n\t\t<\/div>\n\t\t\t\t\t<\/div>\n\t\t<\/section>\n\t\t\t\t<\/div>","protected":false},"excerpt":{"rendered":"<p>Miriam Perestelo sottolinea l'importanza di questo evento per posizionare l'isola nel settore gastronomico a livello nazionale. La Palma ospiter\u00e0 l'Incontro Enogastronomico Nazionale 2025, un evento che posizioner\u00e0 l'isola all'interno del settore gastronomico, in quanto riunir\u00e0 le 26 destinazioni che compongono il...<\/p>","protected":false},"author":4,"featured_media":8659,"comment_status":"closed","ping_status":"closed","sticky":false,"template":"","format":"standard","meta":{"footnotes":""},"categories":[1,21],"tags":[],"class_list":["post-8658","post","type-post","status-publish","format-standard","has-post-thumbnail","hentry","category-blogsaborea","category-noticias-saborea"],"yoast_head":"<!-- This site is optimized with the Yoast SEO plugin v27.5 - https:\/\/yoast.com\/product\/yoast-seo-wordpress\/ -->\n<title>La Palma se convertir\u00e1 en el epicentro de la gastronom\u00eda nacional con el encuentro anual de Saborea Espa\u00f1a - Saborea La Palma<\/title>\n<meta name=\"robots\" content=\"index, follow, max-snippet:-1, max-image-preview:large, max-video-preview:-1\" \/>\n<link rel=\"canonical\" href=\"https:\/\/saborealapalma.es\/it\/blog\/2025\/03\/10\/la-palma-se-convertira-en-el-epicentro-de-la-gastronomia-nacional-con-el-encuentro-anual-de-saborea-espana\/\" \/>\n<meta property=\"og:locale\" content=\"it_IT\" \/>\n<meta property=\"og:type\" content=\"article\" \/>\n<meta property=\"og:title\" content=\"La Palma se convertir\u00e1 en el epicentro de la gastronom\u00eda nacional con el encuentro anual de Saborea Espa\u00f1a - Saborea La Palma\" \/>\n<meta property=\"og:description\" content=\"Miriam Perestelo destaca la importancia de este evento para posicionar a la Isla en el sector gastron\u00f3mico a nivel nacional. La Palma acoger\u00e1 el Encuentro Enogastron\u00f3mico Nacional de 2025, un evento que posicionar\u00e1 a la Isla dentro del sector gastron\u00f3mico, ya que reunir\u00e1 a los 26 destinos que conforman el...\" \/>\n<meta property=\"og:url\" content=\"https:\/\/saborealapalma.es\/it\/blog\/2025\/03\/10\/la-palma-se-convertira-en-el-epicentro-de-la-gastronomia-nacional-con-el-encuentro-anual-de-saborea-espana\/\" \/>\n<meta property=\"og:site_name\" content=\"Saborea La Palma\" \/>\n<meta property=\"article:published_time\" content=\"2025-03-10T20:07:14+00:00\" \/>\n<meta property=\"article:modified_time\" content=\"2025-03-10T20:13:15+00:00\" \/>\n<meta property=\"og:image\" content=\"https:\/\/saborealapalma.es\/wp-content\/uploads\/2025\/03\/saborea_seo.jpg\" \/>\n\t<meta property=\"og:image:width\" content=\"1200\" \/>\n\t<meta property=\"og:image:height\" content=\"800\" \/>\n\t<meta property=\"og:image:type\" content=\"image\/jpeg\" \/>\n<meta name=\"author\" content=\"Saborea La Palma\" \/>\n<meta name=\"twitter:card\" content=\"summary_large_image\" \/>\n<meta name=\"twitter:label1\" content=\"Scritto da\" \/>\n\t<meta name=\"twitter:data1\" content=\"Saborea La Palma\" \/>\n\t<meta name=\"twitter:label2\" content=\"Tempo di lettura stimato\" \/>\n\t<meta name=\"twitter:data2\" content=\"4 minuti\" \/>\n<script type=\"application\/ld+json\" class=\"yoast-schema-graph\">{\"@context\":\"https:\\\/\\\/schema.org\",\"@graph\":[{\"@type\":\"Article\",\"@id\":\"https:\\\/\\\/saborealapalma.es\\\/blog\\\/2025\\\/03\\\/10\\\/la-palma-se-convertira-en-el-epicentro-de-la-gastronomia-nacional-con-el-encuentro-anual-de-saborea-espana\\\/#article\",\"isPartOf\":{\"@id\":\"https:\\\/\\\/saborealapalma.es\\\/blog\\\/2025\\\/03\\\/10\\\/la-palma-se-convertira-en-el-epicentro-de-la-gastronomia-nacional-con-el-encuentro-anual-de-saborea-espana\\\/\"},\"author\":{\"name\":\"Saborea La Palma\",\"@id\":\"https:\\\/\\\/saborealapalma.es\\\/#\\\/schema\\\/person\\\/5184c05828c0a459bbca73a6b4e6b4dc\"},\"headline\":\"La Palma se convertir\u00e1 en el epicentro de la gastronom\u00eda nacional con el encuentro anual de Saborea Espa\u00f1a\",\"datePublished\":\"2025-03-10T20:07:14+00:00\",\"dateModified\":\"2025-03-10T20:13:15+00:00\",\"mainEntityOfPage\":{\"@id\":\"https:\\\/\\\/saborealapalma.es\\\/blog\\\/2025\\\/03\\\/10\\\/la-palma-se-convertira-en-el-epicentro-de-la-gastronomia-nacional-con-el-encuentro-anual-de-saborea-espana\\\/\"},\"wordCount\":799,\"image\":{\"@id\":\"https:\\\/\\\/saborealapalma.es\\\/blog\\\/2025\\\/03\\\/10\\\/la-palma-se-convertira-en-el-epicentro-de-la-gastronomia-nacional-con-el-encuentro-anual-de-saborea-espana\\\/#primaryimage\"},\"thumbnailUrl\":\"https:\\\/\\\/saborealapalma.es\\\/wp-content\\\/uploads\\\/2025\\\/03\\\/saborea_seo.jpg\",\"articleSection\":[\"Blog Saborea\",\"Noticias Saborea\"],\"inLanguage\":\"it-IT\"},{\"@type\":\"WebPage\",\"@id\":\"https:\\\/\\\/saborealapalma.es\\\/blog\\\/2025\\\/03\\\/10\\\/la-palma-se-convertira-en-el-epicentro-de-la-gastronomia-nacional-con-el-encuentro-anual-de-saborea-espana\\\/\",\"url\":\"https:\\\/\\\/saborealapalma.es\\\/blog\\\/2025\\\/03\\\/10\\\/la-palma-se-convertira-en-el-epicentro-de-la-gastronomia-nacional-con-el-encuentro-anual-de-saborea-espana\\\/\",\"name\":\"La Palma se convertir\u00e1 en el epicentro de la gastronom\u00eda nacional con el encuentro anual de Saborea Espa\u00f1a - Saborea La Palma\",\"isPartOf\":{\"@id\":\"https:\\\/\\\/saborealapalma.es\\\/#website\"},\"primaryImageOfPage\":{\"@id\":\"https:\\\/\\\/saborealapalma.es\\\/blog\\\/2025\\\/03\\\/10\\\/la-palma-se-convertira-en-el-epicentro-de-la-gastronomia-nacional-con-el-encuentro-anual-de-saborea-espana\\\/#primaryimage\"},\"image\":{\"@id\":\"https:\\\/\\\/saborealapalma.es\\\/blog\\\/2025\\\/03\\\/10\\\/la-palma-se-convertira-en-el-epicentro-de-la-gastronomia-nacional-con-el-encuentro-anual-de-saborea-espana\\\/#primaryimage\"},\"thumbnailUrl\":\"https:\\\/\\\/saborealapalma.es\\\/wp-content\\\/uploads\\\/2025\\\/03\\\/saborea_seo.jpg\",\"datePublished\":\"2025-03-10T20:07:14+00:00\",\"dateModified\":\"2025-03-10T20:13:15+00:00\",\"author\":{\"@id\":\"https:\\\/\\\/saborealapalma.es\\\/#\\\/schema\\\/person\\\/5184c05828c0a459bbca73a6b4e6b4dc\"},\"breadcrumb\":{\"@id\":\"https:\\\/\\\/saborealapalma.es\\\/blog\\\/2025\\\/03\\\/10\\\/la-palma-se-convertira-en-el-epicentro-de-la-gastronomia-nacional-con-el-encuentro-anual-de-saborea-espana\\\/#breadcrumb\"},\"inLanguage\":\"it-IT\",\"potentialAction\":[{\"@type\":\"ReadAction\",\"target\":[\"https:\\\/\\\/saborealapalma.es\\\/blog\\\/2025\\\/03\\\/10\\\/la-palma-se-convertira-en-el-epicentro-de-la-gastronomia-nacional-con-el-encuentro-anual-de-saborea-espana\\\/\"]}]},{\"@type\":\"ImageObject\",\"inLanguage\":\"it-IT\",\"@id\":\"https:\\\/\\\/saborealapalma.es\\\/blog\\\/2025\\\/03\\\/10\\\/la-palma-se-convertira-en-el-epicentro-de-la-gastronomia-nacional-con-el-encuentro-anual-de-saborea-espana\\\/#primaryimage\",\"url\":\"https:\\\/\\\/saborealapalma.es\\\/wp-content\\\/uploads\\\/2025\\\/03\\\/saborea_seo.jpg\",\"contentUrl\":\"https:\\\/\\\/saborealapalma.es\\\/wp-content\\\/uploads\\\/2025\\\/03\\\/saborea_seo.jpg\",\"width\":1200,\"height\":800},{\"@type\":\"BreadcrumbList\",\"@id\":\"https:\\\/\\\/saborealapalma.es\\\/blog\\\/2025\\\/03\\\/10\\\/la-palma-se-convertira-en-el-epicentro-de-la-gastronomia-nacional-con-el-encuentro-anual-de-saborea-espana\\\/#breadcrumb\",\"itemListElement\":[{\"@type\":\"ListItem\",\"position\":1,\"name\":\"Portada\",\"item\":\"https:\\\/\\\/saborealapalma.es\\\/\"},{\"@type\":\"ListItem\",\"position\":2,\"name\":\"La Palma se convertir\u00e1 en el epicentro de la gastronom\u00eda nacional con el encuentro anual de Saborea Espa\u00f1a\"}]},{\"@type\":\"WebSite\",\"@id\":\"https:\\\/\\\/saborealapalma.es\\\/#website\",\"url\":\"https:\\\/\\\/saborealapalma.es\\\/\",\"name\":\"Saborea La Palma\",\"description\":\"Saborea La Palma es el proyecto que lidera la Sociedad de Promoci\u00f3n Econ\u00f3mica de La Palma (SODEPAL S.A.U.M.P), empresa p\u00fablica dependiente de Cabildo Insular de La Palma, para la revalorizaci\u00f3n y el posicionamiento de la gastronom\u00eda palmera en los mercados regionales, nacionales e internacionales.\",\"potentialAction\":[{\"@type\":\"SearchAction\",\"target\":{\"@type\":\"EntryPoint\",\"urlTemplate\":\"https:\\\/\\\/saborealapalma.es\\\/?s={search_term_string}\"},\"query-input\":{\"@type\":\"PropertyValueSpecification\",\"valueRequired\":true,\"valueName\":\"search_term_string\"}}],\"inLanguage\":\"it-IT\"},{\"@type\":\"Person\",\"@id\":\"https:\\\/\\\/saborealapalma.es\\\/#\\\/schema\\\/person\\\/5184c05828c0a459bbca73a6b4e6b4dc\",\"name\":\"Saborea La Palma\",\"url\":\"https:\\\/\\\/saborealapalma.es\\\/it\\\/blog\\\/author\\\/ivcabeza\\\/\"}]}<\/script>\n<!-- \/ Yoast SEO plugin. -->","yoast_head_json":{"title":"La Palma se convertir\u00e1 en el epicentro de la gastronom\u00eda nacional con el encuentro anual de Saborea Espa\u00f1a - Saborea La Palma","robots":{"index":"index","follow":"follow","max-snippet":"max-snippet:-1","max-image-preview":"max-image-preview:large","max-video-preview":"max-video-preview:-1"},"canonical":"https:\/\/saborealapalma.es\/it\/blog\/2025\/03\/10\/la-palma-se-convertira-en-el-epicentro-de-la-gastronomia-nacional-con-el-encuentro-anual-de-saborea-espana\/","og_locale":"it_IT","og_type":"article","og_title":"La Palma se convertir\u00e1 en el epicentro de la gastronom\u00eda nacional con el encuentro anual de Saborea Espa\u00f1a - Saborea La Palma","og_description":"Miriam Perestelo destaca la importancia de este evento para posicionar a la Isla en el sector gastron\u00f3mico a nivel nacional. La Palma acoger\u00e1 el Encuentro Enogastron\u00f3mico Nacional de 2025, un evento que posicionar\u00e1 a la Isla dentro del sector gastron\u00f3mico, ya que reunir\u00e1 a los 26 destinos que conforman el...","og_url":"https:\/\/saborealapalma.es\/it\/blog\/2025\/03\/10\/la-palma-se-convertira-en-el-epicentro-de-la-gastronomia-nacional-con-el-encuentro-anual-de-saborea-espana\/","og_site_name":"Saborea La Palma","article_published_time":"2025-03-10T20:07:14+00:00","article_modified_time":"2025-03-10T20:13:15+00:00","og_image":[{"width":1200,"height":800,"url":"https:\/\/saborealapalma.es\/wp-content\/uploads\/2025\/03\/saborea_seo.jpg","type":"image\/jpeg"}],"author":"Saborea La Palma","twitter_card":"summary_large_image","twitter_misc":{"Scritto da":"Saborea La Palma","Tempo di lettura stimato":"4 minuti"},"schema":{"@context":"https:\/\/schema.org","@graph":[{"@type":"Article","@id":"https:\/\/saborealapalma.es\/blog\/2025\/03\/10\/la-palma-se-convertira-en-el-epicentro-de-la-gastronomia-nacional-con-el-encuentro-anual-de-saborea-espana\/#article","isPartOf":{"@id":"https:\/\/saborealapalma.es\/blog\/2025\/03\/10\/la-palma-se-convertira-en-el-epicentro-de-la-gastronomia-nacional-con-el-encuentro-anual-de-saborea-espana\/"},"author":{"name":"Saborea La Palma","@id":"https:\/\/saborealapalma.es\/#\/schema\/person\/5184c05828c0a459bbca73a6b4e6b4dc"},"headline":"La Palma se convertir\u00e1 en el epicentro de la gastronom\u00eda nacional con el encuentro anual de Saborea Espa\u00f1a","datePublished":"2025-03-10T20:07:14+00:00","dateModified":"2025-03-10T20:13:15+00:00","mainEntityOfPage":{"@id":"https:\/\/saborealapalma.es\/blog\/2025\/03\/10\/la-palma-se-convertira-en-el-epicentro-de-la-gastronomia-nacional-con-el-encuentro-anual-de-saborea-espana\/"},"wordCount":799,"image":{"@id":"https:\/\/saborealapalma.es\/blog\/2025\/03\/10\/la-palma-se-convertira-en-el-epicentro-de-la-gastronomia-nacional-con-el-encuentro-anual-de-saborea-espana\/#primaryimage"},"thumbnailUrl":"https:\/\/saborealapalma.es\/wp-content\/uploads\/2025\/03\/saborea_seo.jpg","articleSection":["Blog Saborea","Noticias Saborea"],"inLanguage":"it-IT"},{"@type":"WebPage","@id":"https:\/\/saborealapalma.es\/blog\/2025\/03\/10\/la-palma-se-convertira-en-el-epicentro-de-la-gastronomia-nacional-con-el-encuentro-anual-de-saborea-espana\/","url":"https:\/\/saborealapalma.es\/blog\/2025\/03\/10\/la-palma-se-convertira-en-el-epicentro-de-la-gastronomia-nacional-con-el-encuentro-anual-de-saborea-espana\/","name":"La Palma se convertir\u00e1 en el epicentro de la gastronom\u00eda nacional con el encuentro anual de Saborea Espa\u00f1a - Saborea La Palma","isPartOf":{"@id":"https:\/\/saborealapalma.es\/#website"},"primaryImageOfPage":{"@id":"https:\/\/saborealapalma.es\/blog\/2025\/03\/10\/la-palma-se-convertira-en-el-epicentro-de-la-gastronomia-nacional-con-el-encuentro-anual-de-saborea-espana\/#primaryimage"},"image":{"@id":"https:\/\/saborealapalma.es\/blog\/2025\/03\/10\/la-palma-se-convertira-en-el-epicentro-de-la-gastronomia-nacional-con-el-encuentro-anual-de-saborea-espana\/#primaryimage"},"thumbnailUrl":"https:\/\/saborealapalma.es\/wp-content\/uploads\/2025\/03\/saborea_seo.jpg","datePublished":"2025-03-10T20:07:14+00:00","dateModified":"2025-03-10T20:13:15+00:00","author":{"@id":"https:\/\/saborealapalma.es\/#\/schema\/person\/5184c05828c0a459bbca73a6b4e6b4dc"},"breadcrumb":{"@id":"https:\/\/saborealapalma.es\/blog\/2025\/03\/10\/la-palma-se-convertira-en-el-epicentro-de-la-gastronomia-nacional-con-el-encuentro-anual-de-saborea-espana\/#breadcrumb"},"inLanguage":"it-IT","potentialAction":[{"@type":"ReadAction","target":["https:\/\/saborealapalma.es\/blog\/2025\/03\/10\/la-palma-se-convertira-en-el-epicentro-de-la-gastronomia-nacional-con-el-encuentro-anual-de-saborea-espana\/"]}]},{"@type":"ImageObject","inLanguage":"it-IT","@id":"https:\/\/saborealapalma.es\/blog\/2025\/03\/10\/la-palma-se-convertira-en-el-epicentro-de-la-gastronomia-nacional-con-el-encuentro-anual-de-saborea-espana\/#primaryimage","url":"https:\/\/saborealapalma.es\/wp-content\/uploads\/2025\/03\/saborea_seo.jpg","contentUrl":"https:\/\/saborealapalma.es\/wp-content\/uploads\/2025\/03\/saborea_seo.jpg","width":1200,"height":800},{"@type":"BreadcrumbList","@id":"https:\/\/saborealapalma.es\/blog\/2025\/03\/10\/la-palma-se-convertira-en-el-epicentro-de-la-gastronomia-nacional-con-el-encuentro-anual-de-saborea-espana\/#breadcrumb","itemListElement":[{"@type":"ListItem","position":1,"name":"Portada","item":"https:\/\/saborealapalma.es\/"},{"@type":"ListItem","position":2,"name":"La Palma se convertir\u00e1 en el epicentro de la gastronom\u00eda nacional con el encuentro anual de Saborea Espa\u00f1a"}]},{"@type":"WebSite","@id":"https:\/\/saborealapalma.es\/#website","url":"https:\/\/saborealapalma.es\/","name":"Assaggia La Palma","description":"Saborea La Palma \u00e8 il progetto guidato dalla Sociedad de Promoci\u00f3n Econ\u00f3mica de La Palma (SODEPAL S.A.U.M.P), una societ\u00e0 pubblica dipendente dal Cabildo Insular de La Palma, per la rivalutazione e il posizionamento della gastronomia di La Palma nei mercati regionali, nazionali e internazionali.","potentialAction":[{"@type":"SearchAction","target":{"@type":"EntryPoint","urlTemplate":"https:\/\/saborealapalma.es\/?s={search_term_string}"},"query-input":{"@type":"PropertyValueSpecification","valueRequired":true,"valueName":"search_term_string"}}],"inLanguage":"it-IT"},{"@type":"Person","@id":"https:\/\/saborealapalma.es\/#\/schema\/person\/5184c05828c0a459bbca73a6b4e6b4dc","name":"Assaggia La Palma","url":"https:\/\/saborealapalma.es\/it\/blog\/author\/ivcabeza\/"}]}},"_links":{"self":[{"href":"https:\/\/saborealapalma.es\/it\/wp-json\/wp\/v2\/posts\/8658","targetHints":{"allow":["GET"]}}],"collection":[{"href":"https:\/\/saborealapalma.es\/it\/wp-json\/wp\/v2\/posts"}],"about":[{"href":"https:\/\/saborealapalma.es\/it\/wp-json\/wp\/v2\/types\/post"}],"author":[{"embeddable":true,"href":"https:\/\/saborealapalma.es\/it\/wp-json\/wp\/v2\/users\/4"}],"replies":[{"embeddable":true,"href":"https:\/\/saborealapalma.es\/it\/wp-json\/wp\/v2\/comments?post=8658"}],"version-history":[{"count":6,"href":"https:\/\/saborealapalma.es\/it\/wp-json\/wp\/v2\/posts\/8658\/revisions"}],"predecessor-version":[{"id":8666,"href":"https:\/\/saborealapalma.es\/it\/wp-json\/wp\/v2\/posts\/8658\/revisions\/8666"}],"wp:featuredmedia":[{"embeddable":true,"href":"https:\/\/saborealapalma.es\/it\/wp-json\/wp\/v2\/media\/8659"}],"wp:attachment":[{"href":"https:\/\/saborealapalma.es\/it\/wp-json\/wp\/v2\/media?parent=8658"}],"wp:term":[{"taxonomy":"category","embeddable":true,"href":"https:\/\/saborealapalma.es\/it\/wp-json\/wp\/v2\/categories?post=8658"},{"taxonomy":"post_tag","embeddable":true,"href":"https:\/\/saborealapalma.es\/it\/wp-json\/wp\/v2\/tags?post=8658"}],"curies":[{"name":"wp","href":"https:\/\/api.w.org\/{rel}","templated":true}]}}