{"id":8712,"date":"2025-04-10T21:25:11","date_gmt":"2025-04-10T20:25:11","guid":{"rendered":"https:\/\/saborealapalma.es\/?p=8712"},"modified":"2025-04-14T21:27:43","modified_gmt":"2025-04-14T20:27:43","slug":"la-palma-presume-de-sabor-en-el-salon-gourmets-con-siete-marcas-locales","status":"publish","type":"post","link":"https:\/\/saborealapalma.es\/it\/blog\/2025\/04\/10\/la-palma-presume-de-sabor-en-el-salon-gourmets-con-siete-marcas-locales\/","title":{"rendered":"La Palma vanta sapori al Sal\u00f3n Gourmets con sette marchi locali"},"content":{"rendered":"<div data-elementor-type=\"wp-page\" data-elementor-id=\"8712\" class=\"elementor elementor-8712\" data-elementor-post-type=\"post\">\n\t\t\t\t\t\t<section data-particle_enable=\"false\" data-particle-mobile-disabled=\"false\" class=\"elementor-section elementor-top-section elementor-element elementor-element-6b8a763 elementor-section-boxed elementor-section-height-default elementor-section-height-default parallax_section_no qode_elementor_container_no\" data-id=\"6b8a763\" data-element_type=\"section\" data-e-type=\"section\">\n\t\t\t\t\t\t<div class=\"elementor-container elementor-column-gap-default\">\n\t\t\t\t\t<div class=\"elementor-column elementor-col-100 elementor-top-column elementor-element elementor-element-0ef133e\" data-id=\"0ef133e\" data-element_type=\"column\" data-e-type=\"column\">\n\t\t\t<div class=\"elementor-widget-wrap elementor-element-populated\">\n\t\t\t\t\t\t<div class=\"elementor-element elementor-element-e17bf48 elementor-widget elementor-widget-text-editor\" data-id=\"e17bf48\" data-element_type=\"widget\" data-e-type=\"widget\" data-widget_type=\"text-editor.default\">\n\t\t\t\t<div class=\"elementor-widget-container\">\n\t\t\t\t\t\t\t\t\t<div class=\"field field--name-field-noticias-entradilla field--type-text-long field--label-hidden field--item\"><div class=\"field field--name-field-noticias-entradilla field--type-text-long field--label-hidden field--item\"><div class=\"field field--name-field-noticias-entradilla field--type-text-long field--label-hidden field--item\"><h4>La Isla Bonita partecipa con una rappresentanza record alla pi\u00f9 grande vetrina di prodotti gastronomici in Europa, sotto il sigillo di Saborea La Palma.<\/h4><\/div><div class=\"field field--name-body field--type-text-with-summary field--label-hidden field--item\"><p>La Palma ha messo in mostra tutto il suo potenziale gastronomico alla 38esima edizione del Sal\u00f3n Gourmets, tenutosi dal 7 al 10 aprile a Madrid, consolidando la sua posizione di destinazione di riferimento per il turismo legato all'alta cucina. Con il marchio Saborea La Palma, un totale di sette marchi locali hanno rappresentato l'Isla Bonita in questo evento internazionale, considerato la vetrina pi\u00f9 importante per la gastronomia di qualit\u00e0 in Europa.<\/p><p>Il Cabildo de La Palma, attraverso la societ\u00e0 pubblica Sodepal e il suo progetto Saborea La Palma, ha promosso questa partecipazione eccezionale, con l'obiettivo di rendere visibile l'eccellenza dei prodotti di La Palma e di posizionarli in un mercato sempre pi\u00f9 esigente e specializzato.<\/p><p>Il Presidente dell'isola, Sergio Rodr\u00edguez, e l'Assessore alla Promozione Economica e Amministratore Delegato di Sodepal, Miriam Perestelo, hanno partecipato a questa importante fiera professionale, dove hanno ribadito l'impegno del Cabildo a continuare a posizionare La Palma come destinazione gastronomica d'eccellenza. \"Questo lavoro non viene svolto solo da Saborea La Palma, ma anche in stretta collaborazione con i Dipartimenti del Turismo, dell'Agricoltura, dell'Allevamento e della Pesca, perch\u00e9 dietro ogni prodotto che presentiamo c'\u00e8 un lavoro intenso e impegnato del settore primario dell'isola, i cui sforzi garantiscono una materia prima di straordinaria qualit\u00e0\", ha detto Rodr\u00edguez.<\/p><p>Il Consigliere Perestelo ha aggiunto che \"la combinazione di questa eccellente materia prima, il talento di coloro che la trasformano e la strategia promozionale sviluppata dalle istituzioni \u00e8 fondamentale per continuare a diversificare il turismo attratto dall'isola, con un'offerta gastronomica unica e con una propria identit\u00e0\".<\/p><p>In questa edizione, La Palma ha raggiunto il suo record di partecipazione, con la presenza dei marchi Ron Aldea, Mi Dulce Pastel, Vinos Mergus, Vega Norte, Bruco La Palma, oltre ai rinomati mojos Regina e Sicilia. Tutti hanno mostrato al pubblico professionale la ricchezza e la diversit\u00e0 di un'isola che suscita sempre pi\u00f9 interesse tra i distributori, i ristoratori e i media specializzati.<\/p><\/div><\/div><\/div>\t\t\t\t\t\t\t\t<\/div>\n\t\t\t\t<\/div>\n\t\t\t\t\t<\/div>\n\t\t<\/div>\n\t\t\t\t\t<\/div>\n\t\t<\/section>\n\t\t\t\t<\/div>","protected":false},"excerpt":{"rendered":"<p>La Isla Bonita partecipa con una rappresentanza record alla pi\u00f9 grande vetrina di prodotti gastronomici in Europa con il marchio Saborea La Palma. La Palma ha messo in mostra tutto il suo potenziale gastronomico alla 38esima edizione del Sal\u00f3n Gourmets, che si \u00e8 tenuto dal 7 al 10 aprile a Madrid, consolidando la sua posizione come uno dei pi\u00f9 importanti...<\/p>","protected":false},"author":4,"featured_media":8714,"comment_status":"closed","ping_status":"closed","sticky":false,"template":"","format":"standard","meta":{"footnotes":""},"categories":[1,21],"tags":[],"class_list":["post-8712","post","type-post","status-publish","format-standard","has-post-thumbnail","hentry","category-blogsaborea","category-noticias-saborea"],"yoast_head":"<!-- This site is optimized with the Yoast SEO plugin v27.5 - https:\/\/yoast.com\/product\/yoast-seo-wordpress\/ -->\n<title>La Palma presume de sabor en el Sal\u00f3n Gourmets con siete marcas locales - Saborea La Palma<\/title>\n<meta name=\"robots\" content=\"index, follow, max-snippet:-1, max-image-preview:large, max-video-preview:-1\" \/>\n<link rel=\"canonical\" href=\"https:\/\/saborealapalma.es\/it\/blog\/2025\/04\/10\/la-palma-presume-de-sabor-en-el-salon-gourmets-con-siete-marcas-locales\/\" \/>\n<meta property=\"og:locale\" content=\"it_IT\" \/>\n<meta property=\"og:type\" content=\"article\" \/>\n<meta property=\"og:title\" content=\"La Palma presume de sabor en el Sal\u00f3n Gourmets con siete marcas locales - Saborea La Palma\" \/>\n<meta property=\"og:description\" content=\"La Isla Bonita participa con r\u00e9cord de representaci\u00f3n en el mayor escaparate de productos gourmet de Europa bajo el sello Saborea La Palma. La Palma ha desplegado todo su potencial gastron\u00f3mico en la 38\u00aa edici\u00f3n del Sal\u00f3n Gourmets, celebrado del 7 al 10 de abril en Madrid, consolid\u00e1ndose como un...\" \/>\n<meta property=\"og:url\" content=\"https:\/\/saborealapalma.es\/it\/blog\/2025\/04\/10\/la-palma-presume-de-sabor-en-el-salon-gourmets-con-siete-marcas-locales\/\" \/>\n<meta property=\"og:site_name\" content=\"Saborea La Palma\" \/>\n<meta property=\"article:published_time\" content=\"2025-04-10T20:25:11+00:00\" \/>\n<meta property=\"article:modified_time\" content=\"2025-04-14T20:27:43+00:00\" \/>\n<meta property=\"og:image\" content=\"https:\/\/saborealapalma.es\/wp-content\/uploads\/2025\/04\/Salon_Gourmet-scaled.jpeg\" \/>\n\t<meta property=\"og:image:width\" content=\"2560\" \/>\n\t<meta property=\"og:image:height\" content=\"1441\" \/>\n\t<meta property=\"og:image:type\" content=\"image\/jpeg\" \/>\n<meta name=\"author\" content=\"Saborea La Palma\" \/>\n<meta name=\"twitter:card\" content=\"summary_large_image\" \/>\n<meta name=\"twitter:label1\" content=\"Scritto da\" \/>\n\t<meta name=\"twitter:data1\" content=\"Saborea La Palma\" \/>\n\t<meta name=\"twitter:label2\" content=\"Tempo di lettura stimato\" \/>\n\t<meta name=\"twitter:data2\" content=\"2 minuti\" \/>\n<script type=\"application\/ld+json\" class=\"yoast-schema-graph\">{\"@context\":\"https:\\\/\\\/schema.org\",\"@graph\":[{\"@type\":\"Article\",\"@id\":\"https:\\\/\\\/saborealapalma.es\\\/blog\\\/2025\\\/04\\\/10\\\/la-palma-presume-de-sabor-en-el-salon-gourmets-con-siete-marcas-locales\\\/#article\",\"isPartOf\":{\"@id\":\"https:\\\/\\\/saborealapalma.es\\\/blog\\\/2025\\\/04\\\/10\\\/la-palma-presume-de-sabor-en-el-salon-gourmets-con-siete-marcas-locales\\\/\"},\"author\":{\"name\":\"Saborea La Palma\",\"@id\":\"https:\\\/\\\/saborealapalma.es\\\/#\\\/schema\\\/person\\\/5184c05828c0a459bbca73a6b4e6b4dc\"},\"headline\":\"La Palma presume de sabor en el Sal\u00f3n Gourmets con siete marcas locales\",\"datePublished\":\"2025-04-10T20:25:11+00:00\",\"dateModified\":\"2025-04-14T20:27:43+00:00\",\"mainEntityOfPage\":{\"@id\":\"https:\\\/\\\/saborealapalma.es\\\/blog\\\/2025\\\/04\\\/10\\\/la-palma-presume-de-sabor-en-el-salon-gourmets-con-siete-marcas-locales\\\/\"},\"wordCount\":392,\"image\":{\"@id\":\"https:\\\/\\\/saborealapalma.es\\\/blog\\\/2025\\\/04\\\/10\\\/la-palma-presume-de-sabor-en-el-salon-gourmets-con-siete-marcas-locales\\\/#primaryimage\"},\"thumbnailUrl\":\"https:\\\/\\\/saborealapalma.es\\\/wp-content\\\/uploads\\\/2025\\\/04\\\/Salon_Gourmet-scaled.jpeg\",\"articleSection\":[\"Blog Saborea\",\"Noticias Saborea\"],\"inLanguage\":\"it-IT\"},{\"@type\":\"WebPage\",\"@id\":\"https:\\\/\\\/saborealapalma.es\\\/blog\\\/2025\\\/04\\\/10\\\/la-palma-presume-de-sabor-en-el-salon-gourmets-con-siete-marcas-locales\\\/\",\"url\":\"https:\\\/\\\/saborealapalma.es\\\/blog\\\/2025\\\/04\\\/10\\\/la-palma-presume-de-sabor-en-el-salon-gourmets-con-siete-marcas-locales\\\/\",\"name\":\"La Palma presume de sabor en el Sal\u00f3n Gourmets con siete marcas locales - Saborea La Palma\",\"isPartOf\":{\"@id\":\"https:\\\/\\\/saborealapalma.es\\\/#website\"},\"primaryImageOfPage\":{\"@id\":\"https:\\\/\\\/saborealapalma.es\\\/blog\\\/2025\\\/04\\\/10\\\/la-palma-presume-de-sabor-en-el-salon-gourmets-con-siete-marcas-locales\\\/#primaryimage\"},\"image\":{\"@id\":\"https:\\\/\\\/saborealapalma.es\\\/blog\\\/2025\\\/04\\\/10\\\/la-palma-presume-de-sabor-en-el-salon-gourmets-con-siete-marcas-locales\\\/#primaryimage\"},\"thumbnailUrl\":\"https:\\\/\\\/saborealapalma.es\\\/wp-content\\\/uploads\\\/2025\\\/04\\\/Salon_Gourmet-scaled.jpeg\",\"datePublished\":\"2025-04-10T20:25:11+00:00\",\"dateModified\":\"2025-04-14T20:27:43+00:00\",\"author\":{\"@id\":\"https:\\\/\\\/saborealapalma.es\\\/#\\\/schema\\\/person\\\/5184c05828c0a459bbca73a6b4e6b4dc\"},\"breadcrumb\":{\"@id\":\"https:\\\/\\\/saborealapalma.es\\\/blog\\\/2025\\\/04\\\/10\\\/la-palma-presume-de-sabor-en-el-salon-gourmets-con-siete-marcas-locales\\\/#breadcrumb\"},\"inLanguage\":\"it-IT\",\"potentialAction\":[{\"@type\":\"ReadAction\",\"target\":[\"https:\\\/\\\/saborealapalma.es\\\/blog\\\/2025\\\/04\\\/10\\\/la-palma-presume-de-sabor-en-el-salon-gourmets-con-siete-marcas-locales\\\/\"]}]},{\"@type\":\"ImageObject\",\"inLanguage\":\"it-IT\",\"@id\":\"https:\\\/\\\/saborealapalma.es\\\/blog\\\/2025\\\/04\\\/10\\\/la-palma-presume-de-sabor-en-el-salon-gourmets-con-siete-marcas-locales\\\/#primaryimage\",\"url\":\"https:\\\/\\\/saborealapalma.es\\\/wp-content\\\/uploads\\\/2025\\\/04\\\/Salon_Gourmet-scaled.jpeg\",\"contentUrl\":\"https:\\\/\\\/saborealapalma.es\\\/wp-content\\\/uploads\\\/2025\\\/04\\\/Salon_Gourmet-scaled.jpeg\",\"width\":2560,\"height\":1441},{\"@type\":\"BreadcrumbList\",\"@id\":\"https:\\\/\\\/saborealapalma.es\\\/blog\\\/2025\\\/04\\\/10\\\/la-palma-presume-de-sabor-en-el-salon-gourmets-con-siete-marcas-locales\\\/#breadcrumb\",\"itemListElement\":[{\"@type\":\"ListItem\",\"position\":1,\"name\":\"Portada\",\"item\":\"https:\\\/\\\/saborealapalma.es\\\/\"},{\"@type\":\"ListItem\",\"position\":2,\"name\":\"La Palma presume de sabor en el Sal\u00f3n Gourmets con siete marcas locales\"}]},{\"@type\":\"WebSite\",\"@id\":\"https:\\\/\\\/saborealapalma.es\\\/#website\",\"url\":\"https:\\\/\\\/saborealapalma.es\\\/\",\"name\":\"Saborea La Palma\",\"description\":\"Saborea La Palma es el proyecto que lidera la Sociedad de Promoci\u00f3n Econ\u00f3mica de La Palma (SODEPAL S.A.U.M.P), empresa p\u00fablica dependiente de Cabildo Insular de La Palma, para la revalorizaci\u00f3n y el posicionamiento de la gastronom\u00eda palmera en los mercados regionales, nacionales e internacionales.\",\"potentialAction\":[{\"@type\":\"SearchAction\",\"target\":{\"@type\":\"EntryPoint\",\"urlTemplate\":\"https:\\\/\\\/saborealapalma.es\\\/?s={search_term_string}\"},\"query-input\":{\"@type\":\"PropertyValueSpecification\",\"valueRequired\":true,\"valueName\":\"search_term_string\"}}],\"inLanguage\":\"it-IT\"},{\"@type\":\"Person\",\"@id\":\"https:\\\/\\\/saborealapalma.es\\\/#\\\/schema\\\/person\\\/5184c05828c0a459bbca73a6b4e6b4dc\",\"name\":\"Saborea La Palma\",\"url\":\"https:\\\/\\\/saborealapalma.es\\\/it\\\/blog\\\/author\\\/ivcabeza\\\/\"}]}<\/script>\n<!-- \/ Yoast SEO plugin. -->","yoast_head_json":{"title":"La Palma presume de sabor en el Sal\u00f3n Gourmets con siete marcas locales - Saborea La Palma","robots":{"index":"index","follow":"follow","max-snippet":"max-snippet:-1","max-image-preview":"max-image-preview:large","max-video-preview":"max-video-preview:-1"},"canonical":"https:\/\/saborealapalma.es\/it\/blog\/2025\/04\/10\/la-palma-presume-de-sabor-en-el-salon-gourmets-con-siete-marcas-locales\/","og_locale":"it_IT","og_type":"article","og_title":"La Palma presume de sabor en el Sal\u00f3n Gourmets con siete marcas locales - Saborea La Palma","og_description":"La Isla Bonita participa con r\u00e9cord de representaci\u00f3n en el mayor escaparate de productos gourmet de Europa bajo el sello Saborea La Palma. La Palma ha desplegado todo su potencial gastron\u00f3mico en la 38\u00aa edici\u00f3n del Sal\u00f3n Gourmets, celebrado del 7 al 10 de abril en Madrid, consolid\u00e1ndose como un...","og_url":"https:\/\/saborealapalma.es\/it\/blog\/2025\/04\/10\/la-palma-presume-de-sabor-en-el-salon-gourmets-con-siete-marcas-locales\/","og_site_name":"Saborea La Palma","article_published_time":"2025-04-10T20:25:11+00:00","article_modified_time":"2025-04-14T20:27:43+00:00","og_image":[{"width":2560,"height":1441,"url":"https:\/\/saborealapalma.es\/wp-content\/uploads\/2025\/04\/Salon_Gourmet-scaled.jpeg","type":"image\/jpeg"}],"author":"Saborea La Palma","twitter_card":"summary_large_image","twitter_misc":{"Scritto da":"Saborea La Palma","Tempo di lettura stimato":"2 minuti"},"schema":{"@context":"https:\/\/schema.org","@graph":[{"@type":"Article","@id":"https:\/\/saborealapalma.es\/blog\/2025\/04\/10\/la-palma-presume-de-sabor-en-el-salon-gourmets-con-siete-marcas-locales\/#article","isPartOf":{"@id":"https:\/\/saborealapalma.es\/blog\/2025\/04\/10\/la-palma-presume-de-sabor-en-el-salon-gourmets-con-siete-marcas-locales\/"},"author":{"name":"Saborea La Palma","@id":"https:\/\/saborealapalma.es\/#\/schema\/person\/5184c05828c0a459bbca73a6b4e6b4dc"},"headline":"La Palma presume de sabor en el Sal\u00f3n Gourmets con siete marcas locales","datePublished":"2025-04-10T20:25:11+00:00","dateModified":"2025-04-14T20:27:43+00:00","mainEntityOfPage":{"@id":"https:\/\/saborealapalma.es\/blog\/2025\/04\/10\/la-palma-presume-de-sabor-en-el-salon-gourmets-con-siete-marcas-locales\/"},"wordCount":392,"image":{"@id":"https:\/\/saborealapalma.es\/blog\/2025\/04\/10\/la-palma-presume-de-sabor-en-el-salon-gourmets-con-siete-marcas-locales\/#primaryimage"},"thumbnailUrl":"https:\/\/saborealapalma.es\/wp-content\/uploads\/2025\/04\/Salon_Gourmet-scaled.jpeg","articleSection":["Blog Saborea","Noticias Saborea"],"inLanguage":"it-IT"},{"@type":"WebPage","@id":"https:\/\/saborealapalma.es\/blog\/2025\/04\/10\/la-palma-presume-de-sabor-en-el-salon-gourmets-con-siete-marcas-locales\/","url":"https:\/\/saborealapalma.es\/blog\/2025\/04\/10\/la-palma-presume-de-sabor-en-el-salon-gourmets-con-siete-marcas-locales\/","name":"La Palma presume de sabor en el Sal\u00f3n Gourmets con siete marcas locales - Saborea La Palma","isPartOf":{"@id":"https:\/\/saborealapalma.es\/#website"},"primaryImageOfPage":{"@id":"https:\/\/saborealapalma.es\/blog\/2025\/04\/10\/la-palma-presume-de-sabor-en-el-salon-gourmets-con-siete-marcas-locales\/#primaryimage"},"image":{"@id":"https:\/\/saborealapalma.es\/blog\/2025\/04\/10\/la-palma-presume-de-sabor-en-el-salon-gourmets-con-siete-marcas-locales\/#primaryimage"},"thumbnailUrl":"https:\/\/saborealapalma.es\/wp-content\/uploads\/2025\/04\/Salon_Gourmet-scaled.jpeg","datePublished":"2025-04-10T20:25:11+00:00","dateModified":"2025-04-14T20:27:43+00:00","author":{"@id":"https:\/\/saborealapalma.es\/#\/schema\/person\/5184c05828c0a459bbca73a6b4e6b4dc"},"breadcrumb":{"@id":"https:\/\/saborealapalma.es\/blog\/2025\/04\/10\/la-palma-presume-de-sabor-en-el-salon-gourmets-con-siete-marcas-locales\/#breadcrumb"},"inLanguage":"it-IT","potentialAction":[{"@type":"ReadAction","target":["https:\/\/saborealapalma.es\/blog\/2025\/04\/10\/la-palma-presume-de-sabor-en-el-salon-gourmets-con-siete-marcas-locales\/"]}]},{"@type":"ImageObject","inLanguage":"it-IT","@id":"https:\/\/saborealapalma.es\/blog\/2025\/04\/10\/la-palma-presume-de-sabor-en-el-salon-gourmets-con-siete-marcas-locales\/#primaryimage","url":"https:\/\/saborealapalma.es\/wp-content\/uploads\/2025\/04\/Salon_Gourmet-scaled.jpeg","contentUrl":"https:\/\/saborealapalma.es\/wp-content\/uploads\/2025\/04\/Salon_Gourmet-scaled.jpeg","width":2560,"height":1441},{"@type":"BreadcrumbList","@id":"https:\/\/saborealapalma.es\/blog\/2025\/04\/10\/la-palma-presume-de-sabor-en-el-salon-gourmets-con-siete-marcas-locales\/#breadcrumb","itemListElement":[{"@type":"ListItem","position":1,"name":"Portada","item":"https:\/\/saborealapalma.es\/"},{"@type":"ListItem","position":2,"name":"La Palma presume de sabor en el Sal\u00f3n Gourmets con siete marcas locales"}]},{"@type":"WebSite","@id":"https:\/\/saborealapalma.es\/#website","url":"https:\/\/saborealapalma.es\/","name":"Assaggia La Palma","description":"Saborea La Palma \u00e8 il progetto guidato dalla Sociedad de Promoci\u00f3n Econ\u00f3mica de La Palma (SODEPAL S.A.U.M.P), una societ\u00e0 pubblica dipendente dal Cabildo Insular de La Palma, per la rivalutazione e il posizionamento della gastronomia di La Palma nei mercati regionali, nazionali e internazionali.","potentialAction":[{"@type":"SearchAction","target":{"@type":"EntryPoint","urlTemplate":"https:\/\/saborealapalma.es\/?s={search_term_string}"},"query-input":{"@type":"PropertyValueSpecification","valueRequired":true,"valueName":"search_term_string"}}],"inLanguage":"it-IT"},{"@type":"Person","@id":"https:\/\/saborealapalma.es\/#\/schema\/person\/5184c05828c0a459bbca73a6b4e6b4dc","name":"Assaggia La Palma","url":"https:\/\/saborealapalma.es\/it\/blog\/author\/ivcabeza\/"}]}},"_links":{"self":[{"href":"https:\/\/saborealapalma.es\/it\/wp-json\/wp\/v2\/posts\/8712","targetHints":{"allow":["GET"]}}],"collection":[{"href":"https:\/\/saborealapalma.es\/it\/wp-json\/wp\/v2\/posts"}],"about":[{"href":"https:\/\/saborealapalma.es\/it\/wp-json\/wp\/v2\/types\/post"}],"author":[{"embeddable":true,"href":"https:\/\/saborealapalma.es\/it\/wp-json\/wp\/v2\/users\/4"}],"replies":[{"embeddable":true,"href":"https:\/\/saborealapalma.es\/it\/wp-json\/wp\/v2\/comments?post=8712"}],"version-history":[{"count":7,"href":"https:\/\/saborealapalma.es\/it\/wp-json\/wp\/v2\/posts\/8712\/revisions"}],"predecessor-version":[{"id":8720,"href":"https:\/\/saborealapalma.es\/it\/wp-json\/wp\/v2\/posts\/8712\/revisions\/8720"}],"wp:featuredmedia":[{"embeddable":true,"href":"https:\/\/saborealapalma.es\/it\/wp-json\/wp\/v2\/media\/8714"}],"wp:attachment":[{"href":"https:\/\/saborealapalma.es\/it\/wp-json\/wp\/v2\/media?parent=8712"}],"wp:term":[{"taxonomy":"category","embeddable":true,"href":"https:\/\/saborealapalma.es\/it\/wp-json\/wp\/v2\/categories?post=8712"},{"taxonomy":"post_tag","embeddable":true,"href":"https:\/\/saborealapalma.es\/it\/wp-json\/wp\/v2\/tags?post=8712"}],"curies":[{"name":"wp","href":"https:\/\/api.w.org\/{rel}","templated":true}]}}